{"id":1109361,"date":"2026-08-05T12:29:13","date_gmt":"2026-08-05T12:29:13","guid":{"rendered":"https:\/\/www.europesays.com\/fr\/1109361\/"},"modified":"2026-08-05T12:29:13","modified_gmt":"2026-08-05T12:29:13","slug":"le-rc-vannes-connait-ses-premiers-adversaires-au-super-sevens-de-biarritz","status":"publish","type":"post","link":"https:\/\/www.europesays.com\/fr\/1109361\/","title":{"rendered":"Le RC Vannes conna\u00eet ses premiers adversaires au Super Sevens de Biarritz"},"content":{"rendered":"<p>C\u2019est une cons\u00e9quence de la promotion du RC Vannes en Top 14\u00a0: les Vannetais disputeront cette saison, pour la deuxi\u00e8me fois apr\u00e8s 2024-2025, l\u2019In Extenso Supersevens, dont la premi\u00e8re \u00e9tape se d\u00e9roulera \u00e0 Biarritz, les 21 et 22 ao\u00fbt prochains.<\/p>\n<p>Castres et Montpellier pour d\u00e9buter<\/p>\n<p>Cette comp\u00e9tition <a href=\"https:\/\/www.letelegramme.fr\/sports\/rugby\/rc-vannes\/un-jeune-du-rc-vannes-champion-deurope-avec-lequipe-de-france-u18-de-rugby-a-7-7082716.php\" target=\"_blank\" rel=\"nofollow noopener\">de rugby \u00e0 sept<\/a>, port\u00e9e par la Ligue nationale de rugby (LNR) pour promouvoir cette discipline, rassemble les 14 clubs de l\u2019\u00e9lite fran\u00e7aise \u00e0 XV, ainsi que Monaco et les Barbarians Fran\u00e7ais (Baabaas). Elle se dispute en trois phases\u00a0: deux \u00e9tapes, \u00e0 Biarritz puis \u00e0 Pau (28 au 29 ao\u00fbt) avant le tournoi final r\u00e9serv\u00e9 aux huit meilleures \u00e9quipes, \u00e0 Nanterre (Paris La D\u00e9fense Arena, les 6 et 7 f\u00e9vrier 2027).<\/p>\n<p>\u00c0 Biarritz, le RCV fera donc son retour dans la comp\u00e9tition et jouera dans la poule D. Les Bretons vont affronter Castres (16\u00a0h\u00a034) puis Montpellier (22\u00a0h\u00a015) le vendredi 21 ao\u00fbt, avec l\u2019espoir de se qualifier pour le tableau final, le samedi.<\/p>\n<p>Lors de leur premi\u00e8re participation, les Vannetais \u00e9taient parvenus \u00e0 se qualifier pour les finales, o\u00f9 ils \u00e9taient tomb\u00e9s en quart de finale.<\/p>\n","protected":false},"excerpt":{"rendered":"C\u2019est une cons\u00e9quence de la promotion du RC Vannes en Top 14\u00a0: les Vannetais disputeront cette saison, pour&hellip;\n","protected":false},"author":2,"featured_media":1109362,"comment_status":"","ping_status":"","sticky":false,"template":"","format":"standard","meta":{"footnotes":"","_share_on_mastodon":"0"},"categories":[1416],"tags":[3166,1011,27,3164,479,1468,60,3165],"class_list":["post-1109361","post","type-post","status-publish","format-standard","has-post-thumbnail","category-rugby","tag-en-continu-sports","tag-fr","tag-france","tag-rc-vannes","tag-rugby","tag-rugby-football","tag-sports","tag-vannes"],"share_on_mastodon":{"url":"https:\/\/pubeurope.com\/@fr\/117042909445511136","error":""},"_links":{"self":[{"href":"https:\/\/www.europesays.com\/fr\/wp-json\/wp\/v2\/posts\/1109361","targetHints":{"allow":["GET"]}}],"collection":[{"href":"https:\/\/www.europesays.com\/fr\/wp-json\/wp\/v2\/posts"}],"about":[{"href":"https:\/\/www.europesays.com\/fr\/wp-json\/wp\/v2\/types\/post"}],"author":[{"embeddable":true,"href":"https:\/\/www.europesays.com\/fr\/wp-json\/wp\/v2\/users\/2"}],"replies":[{"embeddable":true,"href":"https:\/\/www.europesays.com\/fr\/wp-json\/wp\/v2\/comments?post=1109361"}],"version-history":[{"count":0,"href":"https:\/\/www.europesays.com\/fr\/wp-json\/wp\/v2\/posts\/1109361\/revisions"}],"wp:featuredmedia":[{"embeddable":true,"href":"https:\/\/www.europesays.com\/fr\/wp-json\/wp\/v2\/media\/1109362"}],"wp:attachment":[{"href":"https:\/\/www.europesays.com\/fr\/wp-json\/wp\/v2\/media?parent=1109361"}],"wp:term":[{"taxonomy":"category","embeddable":true,"href":"https:\/\/www.europesays.com\/fr\/wp-json\/wp\/v2\/categories?post=1109361"},{"taxonomy":"post_tag","embeddable":true,"href":"https:\/\/www.europesays.com\/fr\/wp-json\/wp\/v2\/tags?post=1109361"}],"curies":[{"name":"wp","href":"https:\/\/api.w.org\/{rel}","templated":true}]}}