{"id":110942,"date":"2025-05-19T04:59:08","date_gmt":"2025-05-19T04:59:08","guid":{"rendered":"https:\/\/www.europesays.com\/fr\/110942\/"},"modified":"2025-05-19T04:59:08","modified_gmt":"2025-05-19T04:59:08","slug":"une-jeune-femme-transportee-a-lhopital","status":"publish","type":"post","link":"https:\/\/www.europesays.com\/fr\/110942\/","title":{"rendered":"une jeune femme transport\u00e9e \u00e0 l&rsquo;h\u00f4pital"},"content":{"rendered":"<p>            Par<br \/>\n        <strong><br \/>\n            <a href=\"https:\/\/actu.fr\/auteur\/adrien-filoche\" title=\"Consulter tous les articles de Adrien Filoche\" rel=\"nofollow noopener\" target=\"_blank\">Adrien Filoche<\/a><br \/>\n        <\/strong><\/p>\n<p>        Publi\u00e9 le<\/p>\n<p>            19 mai 2025 \u00e0 6h37        <\/p>\n<p>L\u2019incident s\u2019est produit en d\u00e9but de soir\u00e9e. Vers 19h30, le dimanche 18\u00a0mai 2025 rue du pr\u00e9 de la Rouquette \u00e0 <a href=\"https:\/\/actu.fr\/normandie\/saint-etienne-du-rouvray_76575\" rel=\"nofollow noopener\" target=\"_blank\">Saint-Etienne-du-Rouvray (Seine-Maritime)<\/a>, pr\u00e8s de <a href=\"https:\/\/actu.fr\/normandie\/rouen_76540\" rel=\"nofollow noopener\" target=\"_blank\">Rouen<\/a>, un <strong>accident de la circulation<\/strong> a eu lieu. <strong>Une voiture a termin\u00e9 sa course sur le toit.<\/strong><\/p>\n<p>La victime pi\u00e9g\u00e9e \u00e0 l\u2019int\u00e9rieur de son v\u00e9hicule<\/p>\n<p class=\" wall-content\">Les pompiers sont intervenus sur place pour prendre en charge la victime, une femme de 25\u00a0ans. Celle-ci s\u2019est retrouv\u00e9e<strong> pi\u00e9g\u00e9e \u00e0 l\u2019int\u00e9rieur de son v\u00e9hicule.<\/strong> Les secours ont d\u00fb <strong>d\u00e9couper son v\u00e9hicule<\/strong> afin de l\u2019extraire.<\/p>\n<p class=\" wall-content\">La jeune femme \u00ab\u2009en \u00e9tat d\u2019urgence relative\u2009\u00bb, comme le relate le Sdis76 (Service d\u00e9partemental d\u2019incendie et de secours de la Seine-Maritime), a \u00e9t\u00e9 transport\u00e9e en direction du CHU de Rouen.<\/p>\n<p>Suivez l\u2019actualit\u00e9 de Rouen sur <a href=\"https:\/\/www.whatsapp.com\/channel\/0029VaKfnf99hXF2ddApFB1D\" rel=\"nofollow noopener\" target=\"_blank\">notre cha\u00eene WhatsApp<\/a> et sur <a href=\"https:\/\/www.tiktok.com\/@76actu.fr?lang=fr\" rel=\"nofollow noopener\" target=\"_blank\">notre compte TikTok<\/a><\/p>\n<p class=\" wall-content\">Suivez toute l\u2019actualit\u00e9 de vos villes et m\u00e9dias favoris en vous inscrivant \u00e0 <a href=\"https:\/\/moncompte.actu.fr\" title=\"D\u00e9couvez Mon Actu\" rel=\"nofollow noopener\" data-trk=\"{&quot;cta&quot;:{&quot;action&quot;:&quot;https:\\\/\\\/moncompte.actu.fr&quot;,&quot;category&quot;:&quot;mon compte&quot;,&quot;from&quot;:&quot;article footer&quot;,&quot;name&quot;:&quot;Mon actu&quot;,&quot;type&quot;:&quot;cta&quot;}}\" target=\"_blank\">Mon Actu<\/a>.<\/p>\n<p>                    <script async src=\"\/\/www.tiktok.com\/embed.js\"><\/script><\/p>\n","protected":false},"excerpt":{"rendered":"Par Adrien Filoche Publi\u00e9 le 19 mai 2025 \u00e0 6h37 L\u2019incident s\u2019est produit en d\u00e9but de soir\u00e9e. Vers&hellip;\n","protected":false},"author":2,"featured_media":110943,"comment_status":"","ping_status":"","sticky":false,"template":"","format":"standard","meta":{"footnotes":""},"categories":[9587],"tags":[119,1111,11,1777,674,118,1011,27,12,5161,1311,25,9590],"class_list":{"0":"post-110942","1":"post","2":"type-post","3":"status-publish","4":"format-standard","5":"has-post-thumbnail","7":"category-rouen","8":"tag-accident","9":"tag-actu","10":"tag-actualites","11":"tag-eu","12":"tag-europe","13":"tag-faits-divers","14":"tag-fr","15":"tag-france","16":"tag-news","17":"tag-normandie","18":"tag-pompiers","19":"tag-republique-francaise","20":"tag-rouen"},"share_on_mastodon":{"url":"https:\/\/pubeurope.com\/@fr\/114532736254292174","error":""},"_links":{"self":[{"href":"https:\/\/www.europesays.com\/fr\/wp-json\/wp\/v2\/posts\/110942","targetHints":{"allow":["GET"]}}],"collection":[{"href":"https:\/\/www.europesays.com\/fr\/wp-json\/wp\/v2\/posts"}],"about":[{"href":"https:\/\/www.europesays.com\/fr\/wp-json\/wp\/v2\/types\/post"}],"author":[{"embeddable":true,"href":"https:\/\/www.europesays.com\/fr\/wp-json\/wp\/v2\/users\/2"}],"replies":[{"embeddable":true,"href":"https:\/\/www.europesays.com\/fr\/wp-json\/wp\/v2\/comments?post=110942"}],"version-history":[{"count":0,"href":"https:\/\/www.europesays.com\/fr\/wp-json\/wp\/v2\/posts\/110942\/revisions"}],"wp:featuredmedia":[{"embeddable":true,"href":"https:\/\/www.europesays.com\/fr\/wp-json\/wp\/v2\/media\/110943"}],"wp:attachment":[{"href":"https:\/\/www.europesays.com\/fr\/wp-json\/wp\/v2\/media?parent=110942"}],"wp:term":[{"taxonomy":"category","embeddable":true,"href":"https:\/\/www.europesays.com\/fr\/wp-json\/wp\/v2\/categories?post=110942"},{"taxonomy":"post_tag","embeddable":true,"href":"https:\/\/www.europesays.com\/fr\/wp-json\/wp\/v2\/tags?post=110942"}],"curies":[{"name":"wp","href":"https:\/\/api.w.org\/{rel}","templated":true}]}}