{"id":110946,"date":"2025-05-19T05:01:08","date_gmt":"2025-05-19T05:01:08","guid":{"rendered":"https:\/\/www.europesays.com\/fr\/110946\/"},"modified":"2025-05-19T05:01:08","modified_gmt":"2025-05-19T05:01:08","slug":"grenoble-la-circulation-sur-ce-pont-tres-emprunte-va-etre-impossible-pendant-tout-lete","status":"publish","type":"post","link":"https:\/\/www.europesays.com\/fr\/110946\/","title":{"rendered":"Grenoble. La circulation sur ce pont tr\u00e8s emprunt\u00e9 va \u00eatre impossible pendant tout l&rsquo;\u00e9t\u00e9"},"content":{"rendered":"<p>            Par<br \/>\n        <strong><br \/>\n            <a href=\"https:\/\/actu.fr\/auteur\/lisa-rodrigues\" title=\"Consulter tous les articles de Lisa Rodrigues\" target=\"_blank\" rel=\"noopener\">Lisa Rodrigues<\/a><br \/>\n        <\/strong><\/p>\n<p>        Publi\u00e9 le<\/p>\n<p>            19 mai 2025 \u00e0 6h16        <\/p>\n<p>Le pont d\u2019Oxford, qui relie Saint-Martin-le-Vinoux et <a href=\"https:\/\/actu.fr\/auvergne-rhone-alpes\/grenoble_38185\" target=\"_blank\" rel=\"noopener\">Grenoble<\/a>, est l\u2019une des principales voies d\u2019entr\u00e9e de la Presqu\u2019\u00eele et de sa zone d\u2019activit\u00e9s. Chaque jour, il est emprunt\u00e9 par plus de 12 000 v\u00e9hicules.<\/p>\n<p class=\" wall-content\">Des automobilistes qui vont devoir, d\u00e8s lundi 19 mai \u00e0 7 heures, changer leur itin\u00e9raire : la <strong>circulation va \u00eatre interdite<\/strong> sur le pont d\u2019Oxford, de jour comme de nuit, <strong>tout l\u2019\u00e9t\u00e9<\/strong>, jusqu\u2019au lundi 22 septembre.<\/p>\n<p>    <a href=\"https:\/\/www.facebook.com\/plugins\/post.php?href=https%3A%2F%2Fwww.facebook.com%2Fpermalink.php%3Fstory_fbid%3Dpfbid02XR616DwmSsr3uHXkXbkvvacamRdo98ERBe3qgr4B9VJ1HTR8RaHcqWboZqTzNtthl%26id%3D100057468698318&amp;show_text=true&amp;width=350\" title=\"Ouvrie le lien\" target=\"_blank\" rel=\"noopener\">Cliquez ici pour visualiser le contenu<\/a><\/p>\n<p>Les d\u00e9viations instaur\u00e9es<\/p>\n<p class=\" wall-content\">Quatre mois de travaux pendant lesquels les haubans vont \u00eatre remplac\u00e9s, quelque 150 tonnes de c\u00e2bles \u00e0 changer pour soutenir les voies de circulation.\u00a0<\/p>\n<p class=\" wall-content\">En cons\u00e9quence, <strong>aucun v\u00e9hicule<\/strong> ne sera autoris\u00e9 \u00e0 emprunter le pont d\u2019Oxford. Des d\u00e9viations vont \u00eatre mises en place :<\/p>\n<ul class=\" wall-content\">\n<li>Pour sortir de la <a href=\"https:\/\/actu.fr\/auvergne-rhone-alpes\/grenoble_38185\/grenoble-c-est-quoi-cet-immeuble-entierement-construit-en-bois-au-coeur-de-la-presqu-ile_62541787.html\" target=\"_blank\" rel=\"noopener\">Presqu\u2019\u00eele<\/a>, c\u00f4t\u00e9 ouest : d\u00e9viation via la place de la R\u00e9sistance, la rue et la contre-all\u00e9e Jules-Horowitz.<\/li>\n<li>Pour sortir de la Presqu\u2019\u00eele, c\u00f4t\u00e9 sud :\u00a0 d\u00e9viation via l\u2019avenue des Martyrs, la rue F\u00e9lix-Esclangon, la rue Diderot et la bretelle d\u2019entr\u00e9e A480 n\u00b02 (Vercors).<\/li>\n<li>Pour entrer en provenance de <a href=\"https:\/\/actu.fr\/lyon\/\" target=\"_blank\" rel=\"noopener\">Lyon<\/a> \u2013 Saint-\u00c9gr\u00e8ve, via l\u2019A480 : d\u00e9viation via le pont du Vercors, le quai du Drac, le pont puis la rue F\u00e9lix-Esclangon et l\u2019avenue des Martyrs.<\/li>\n<li>Pour entrer en provenance de Grenoble : prendre le quai Claude-Bernard, le quai de la Graille et la rue Durand-Savoyat.<\/li>\n<\/ul>\n<p>Vid\u00e9os : en ce moment sur Actu<\/p>\n<p class=\" wall-content\">En revanche, pendant cette m\u00eame p\u00e9riode, les <strong>pi\u00e9tons et cyclistes<\/strong> seront autoris\u00e9s \u00e0 circuler <strong>uniquement les week-ends<\/strong>, du vendredi 18 heures au lundi 7 heures, en passant par la passerelle Pique-Pierre.<\/p>\n<p>L\u2019impact sur les transports en commun<\/p>\n<p class=\" wall-content\">La fermeture du pont d\u2019Oxford va \u00e9galement entra\u00eener des <strong>modifications<\/strong> du r\u00e9seau de transports en commun. \u00ab\u00a0Une d\u00e9viation sp\u00e9cifique est mise en place pour les bus, indique <a href=\"https:\/\/actu.fr\/auvergne-rhone-alpes\/grenoble_38185\/grenoble-nouveaux-bus-tramways-les-transports-de-la-metropole-changent-de-visage_62518849.html\" target=\"_blank\" rel=\"noopener\">M\u2019R\u00e9so<\/a> sur son site internet. L\u2019ensemble des arr\u00eats de la Presqu\u2019\u00eele reste desservi, \u00e0 l\u2019exception du demi-arr\u00eat Louis Gagnaire de la ligne 22.\u00a0\u00bb Les horaires de ces m\u00eames lignes sont \u00e9galement adapt\u00e9es.<\/p>\n<p class=\" wall-content\">Idem pour les cars R\u00e9gion, qui vont continuer \u00e0 desservir la Presqu\u2019\u00eele, avec une adaptation de leurs heures de passage.<\/p>\n<p class=\" wall-content\">C\u00f4t\u00e9 <a href=\"https:\/\/actu.fr\/auvergne-rhone-alpes\/grenoble_38185\/pres-de-grenoble-des-nouveaux-radars-vont-flasher-sur-l-a48-voici-quand_61564649.html\" target=\"_blank\" rel=\"noopener\">covoiturage<\/a>, l\u2019arr\u00eat \u00ab\u00a0Pont d\u2019Oxford\u00a0\u00bb va \u00eatre d\u00e9plac\u00e9 rue Jules-Horowitz (\u00e0 150 m\u00e8tres de la place de la R\u00e9sistance).<\/p>\n<p>Fin des travaux pr\u00e9vue en novembre<\/p>\n<p class=\" wall-content\">Le pont d\u2019Oxford a commenc\u00e9 sa r\u00e9novation en janvier, avec <a href=\"https:\/\/actu.fr\/auvergne-rhone-alpes\/grenoble_38185\/grenoble-ce-pont-tres-frequente-ferme-pendant-quatre-mois-voici-pourquoi_62298397.html\" target=\"_blank\" rel=\"noopener\">plusieurs fermetures ponctuelles<\/a> de circulation.<\/p>\n<p class=\" wall-content\">Au terme de ces quatre mois de travaux et jusqu\u2019\u00e0 fin novembre, la circulation va \u00e0 nouveau \u00eatre coup\u00e9e uniquement la nuit de 20h30 \u00e0 6 heures pour permettre le <strong>d\u00e9montage du chantier<\/strong> (d\u00e9montage de l\u2019\u00e9chafaudage et pose des glissi\u00e8res).<\/p>\n<p class=\" wall-content\">Suivez toute l\u2019actualit\u00e9 de vos villes et m\u00e9dias favoris en vous inscrivant \u00e0 <a href=\"https:\/\/moncompte.actu.fr\" title=\"D\u00e9couvez Mon Actu\" rel=\"nofollow noopener\" data-trk=\"{&quot;cta&quot;:{&quot;action&quot;:&quot;https:\\\/\\\/moncompte.actu.fr&quot;,&quot;category&quot;:&quot;mon compte&quot;,&quot;from&quot;:&quot;article footer&quot;,&quot;name&quot;:&quot;Mon actu&quot;,&quot;type&quot;:&quot;cta&quot;}}\" target=\"_blank\">Mon Actu<\/a>.<\/p>\n","protected":false},"excerpt":{"rendered":"Par Lisa Rodrigues Publi\u00e9 le 19 mai 2025 \u00e0 6h16 Le pont d\u2019Oxford, qui relie Saint-Martin-le-Vinoux et Grenoble,&hellip;\n","protected":false},"author":2,"featured_media":110947,"comment_status":"","ping_status":"","sticky":false,"template":"","format":"standard","meta":{"footnotes":""},"categories":[9566],"tags":[1111,11,2430,3542,1777,674,1011,27,2731,12,25,104,8194,2086],"class_list":{"0":"post-110946","1":"post","2":"type-post","3":"status-publish","4":"format-standard","5":"has-post-thumbnail","7":"category-grenoble","8":"tag-actu","9":"tag-actualites","10":"tag-auvergne-rhone-alpes","11":"tag-circulation","12":"tag-eu","13":"tag-europe","14":"tag-fr","15":"tag-france","16":"tag-grenoble","17":"tag-news","18":"tag-republique-francaise","19":"tag-societe","20":"tag-transport-de-lagglomeration-grenobloise-tag","21":"tag-travaux"},"share_on_mastodon":{"url":"https:\/\/pubeurope.com\/@fr\/114532744215197960","error":""},"_links":{"self":[{"href":"https:\/\/www.europesays.com\/fr\/wp-json\/wp\/v2\/posts\/110946","targetHints":{"allow":["GET"]}}],"collection":[{"href":"https:\/\/www.europesays.com\/fr\/wp-json\/wp\/v2\/posts"}],"about":[{"href":"https:\/\/www.europesays.com\/fr\/wp-json\/wp\/v2\/types\/post"}],"author":[{"embeddable":true,"href":"https:\/\/www.europesays.com\/fr\/wp-json\/wp\/v2\/users\/2"}],"replies":[{"embeddable":true,"href":"https:\/\/www.europesays.com\/fr\/wp-json\/wp\/v2\/comments?post=110946"}],"version-history":[{"count":0,"href":"https:\/\/www.europesays.com\/fr\/wp-json\/wp\/v2\/posts\/110946\/revisions"}],"wp:featuredmedia":[{"embeddable":true,"href":"https:\/\/www.europesays.com\/fr\/wp-json\/wp\/v2\/media\/110947"}],"wp:attachment":[{"href":"https:\/\/www.europesays.com\/fr\/wp-json\/wp\/v2\/media?parent=110946"}],"wp:term":[{"taxonomy":"category","embeddable":true,"href":"https:\/\/www.europesays.com\/fr\/wp-json\/wp\/v2\/categories?post=110946"},{"taxonomy":"post_tag","embeddable":true,"href":"https:\/\/www.europesays.com\/fr\/wp-json\/wp\/v2\/tags?post=110946"}],"curies":[{"name":"wp","href":"https:\/\/api.w.org\/{rel}","templated":true}]}}