{"id":110956,"date":"2025-05-19T05:06:13","date_gmt":"2025-05-19T05:06:13","guid":{"rendered":"https:\/\/www.europesays.com\/fr\/110956\/"},"modified":"2025-05-19T05:06:13","modified_gmt":"2025-05-19T05:06:13","slug":"strasbourg-et-sausheim-la-chanteuse-jenifer-fait-etape-en-alsace-les-20-et-22-mai-avec-son-jukebox-tour","status":"publish","type":"post","link":"https:\/\/www.europesays.com\/fr\/110956\/","title":{"rendered":"Strasbourg et Sausheim. La chanteuse Jenifer fait \u00e9tape en Alsace les 20 et 22\u00a0mai avec son \u201cJukebox tour\u201d"},"content":{"rendered":"<p>Apr\u00e8s son \u201cN\u00b09 tour\u201d en 2023, Jenifer revient sur sc\u00e8ne pour partager un moment in\u00e9dit autour de son r\u00e9pertoire avec le \u201cJukebox tour\u201d o\u00f9 le public choisit la playlist. Cette exp\u00e9rience unique permettra \u00e0 chacun de choisir parmi une large s\u00e9lection des chansons de Jenifer.<\/p>\n<p>Il suffira pour cela, \u00e0 l\u2019entr\u00e9e de la salle de scanner un QR code et de composer son choix de morceaux. L\u2019ex-gagnante de la Star Academy s\u2019en inspirera au moment d\u2019entrer sur sc\u00e8ne.<\/p>\n<p class=\"note\">Palais de la musique et des congr\u00e8s, place de Bordeaux \u00e0 Strasbourg, mardi 20\u00a0mai, \u00e0 20\u00a0h. Tarifs\u00a0: \u00e0 partir de\u00a049\u00a0\u20ac. <a href=\"https:\/\/www.eden-sausheim.com\/jenifer\" target=\"_blank\" rel=\"nofollow noopener\">Espace Dollfus et Noack (Eden)<\/a> , 20 a rue Jean-de-la-Fontaine \u00e0 Sausheim, jeudi 22\u00a0mai \u00e0 20\u00a0h. Tarifs\u00a0: de 49 \u00e0 75\u00a0\u20ac.<\/p>\n","protected":false},"excerpt":{"rendered":"Apr\u00e8s son \u201cN\u00b09 tour\u201d en 2023, Jenifer revient sur sc\u00e8ne pour partager un moment in\u00e9dit autour de son&hellip;\n","protected":false},"author":2,"featured_media":110957,"comment_status":"","ping_status":"","sticky":false,"template":"","format":"standard","meta":{"footnotes":""},"categories":[2820],"tags":[1111,11,2389,1687,2880,1777,674,107,1011,27,775,873,12,25,640,2879],"class_list":{"0":"post-110956","1":"post","2":"type-post","3":"status-publish","4":"format-standard","5":"has-post-thumbnail","7":"category-strasbourg","8":"tag-actu","9":"tag-actualites","10":"tag-alsace","11":"tag-culture-loisirs","12":"tag-edition-strasbourg","13":"tag-eu","14":"tag-europe","15":"tag-fil-info","16":"tag-fr","17":"tag-france","18":"tag-grand-est","19":"tag-musique","20":"tag-news","21":"tag-republique-francaise","22":"tag-strasbourg","23":"tag-strasbourg-ville"},"share_on_mastodon":{"url":"https:\/\/pubeurope.com\/@fr\/114532763769813367","error":""},"_links":{"self":[{"href":"https:\/\/www.europesays.com\/fr\/wp-json\/wp\/v2\/posts\/110956","targetHints":{"allow":["GET"]}}],"collection":[{"href":"https:\/\/www.europesays.com\/fr\/wp-json\/wp\/v2\/posts"}],"about":[{"href":"https:\/\/www.europesays.com\/fr\/wp-json\/wp\/v2\/types\/post"}],"author":[{"embeddable":true,"href":"https:\/\/www.europesays.com\/fr\/wp-json\/wp\/v2\/users\/2"}],"replies":[{"embeddable":true,"href":"https:\/\/www.europesays.com\/fr\/wp-json\/wp\/v2\/comments?post=110956"}],"version-history":[{"count":0,"href":"https:\/\/www.europesays.com\/fr\/wp-json\/wp\/v2\/posts\/110956\/revisions"}],"wp:featuredmedia":[{"embeddable":true,"href":"https:\/\/www.europesays.com\/fr\/wp-json\/wp\/v2\/media\/110957"}],"wp:attachment":[{"href":"https:\/\/www.europesays.com\/fr\/wp-json\/wp\/v2\/media?parent=110956"}],"wp:term":[{"taxonomy":"category","embeddable":true,"href":"https:\/\/www.europesays.com\/fr\/wp-json\/wp\/v2\/categories?post=110956"},{"taxonomy":"post_tag","embeddable":true,"href":"https:\/\/www.europesays.com\/fr\/wp-json\/wp\/v2\/tags?post=110956"}],"curies":[{"name":"wp","href":"https:\/\/api.w.org\/{rel}","templated":true}]}}