{"id":110958,"date":"2025-05-19T05:07:09","date_gmt":"2025-05-19T05:07:09","guid":{"rendered":"https:\/\/www.europesays.com\/fr\/110958\/"},"modified":"2025-05-19T05:07:09","modified_gmt":"2025-05-19T05:07:09","slug":"nouvelle-organisation-de-la-securite-a-nice-le-maire-christian-estrosi-veut-davantage-de-police-moins-de-sdf","status":"publish","type":"post","link":"https:\/\/www.europesays.com\/fr\/110958\/","title":{"rendered":"Nouvelle organisation de la s\u00e9curit\u00e9 \u00e0 Nice: le maire Christian Estrosi veut davantage de police, moins de SDF"},"content":{"rendered":"<p>\u00ab\u00a0Les menaces \u00e9voluent, les r\u00e9ponses aussi.\u00a0\u00bb Le maire Horizons de Nice annonce en exclusivit\u00e9 \u00e0 Nice-Matin une r\u00e9organisation municipale de l\u2019offre de s\u00e9curit\u00e9 qu\u2019il estime n\u00e9cessaire: \u00ab\u00a0Les violences, incivilit\u00e9s et comportements agressifs se banalisent et elles nuisent au travail remarquable accompli depuis dix ans.\u00a0\u00bb<\/p>\n<p>Christian Estrosi \u00ab\u00a0souhaite donc lancer un nouveau plan qui s\u2019appuie sur quatre piliers. 1) Renforcer la visibilit\u00e9 et la proximit\u00e9 de la police municipale. 2) Renforcer le lien avec les commer\u00e7ants. 3) Coordonner le travail autour des nuisances induites par les populations errantes. 4) Associer les citoyens \u00e0 leur propre s\u00e9curit\u00e9.\u00a0\u00bb<\/p>\n<p>Ce \u00ab\u00a0plan\u00a0\u00bb s\u2019articule autour de mesures, qui se veulent concr\u00e8tes, d\u00e9taill\u00e9es ci-dessous.<\/p>\n<p>Exp\u00e9rimentation de kiosques de police municipale sur les deux principales places<\/p>\n<p>\u00c0 partir de juillet, sur Mass\u00e9na et Garibaldi avec \u00ab\u00a0pr\u00e9sence physique aux heures requises\u00a0\u00bb.<\/p>\n<p><strong>Des postes de police ambulants<\/strong><\/p>\n<p>Sous la forme de tentes, \u00e0 partir de septembre, \u00ab\u00a0dans les lieux tr\u00e8s fr\u00e9quent\u00e9s pour permettre aux personnes qui le souhaitent d\u2019aller \u00e0\u00a0\u00bb la rencontre des policiers municipaux \u00ab\u00a0pour leur signaler\u00a0\u00bb tout incident et \u00ab\u00a0permettre un (&#8230;) dialogue avec les citoyens.\u00a0\u00bb Le maire prend l\u2019exemple de la Lib\u00e9 ou de la place Fontaine-du-Temple.<\/p>\n<p><strong>Une brigade de police pour les coul\u00e9es vertes<\/strong><\/p>\n<p>Pour la promenade du Paillon, \u00e0 partir de l\u2019inauguration de la fin de son extension pr\u00e9vue fin octobre, et le grand parc de l\u2019ouest. \u00c0 sa t\u00eate, des gardes champ\u00eatres qui permettraient \u00e0 la police municipale de se doter d\u2019officiers de police judiciaire et de leurs pr\u00e9rogatives qui lui font d\u00e9faut.<\/p>\n<p><strong>Une application \u00ab\u00a0Nice en s\u00e9curit\u00e9\u00a0\u00bb<\/strong><\/p>\n<p>Une appli pour t\u00e9l\u00e9phones mobiles afin de \u00ab\u00a0signaler en temps r\u00e9el les comportements ou faits troublant la tranquillit\u00e9 publique.\u00a0\u00bb Elle sera op\u00e9rationnelle avec le centre d\u2019hypervision urbain de commandement qui entrera en fonction avec l\u2019h\u00f4tel des polices, en fin d\u2019ann\u00e9e ou au d\u00e9but de 2026. Principaux atouts: acc\u00e8s direct aux secours et g\u00e9olocalisation pour coordonner cam\u00e9ras et \u00e9quipages. \u00ab\u00a0Autant de bornes d\u2019urgence d\u00e9ploy\u00e9es!\u00a0\u00bb, se f\u00e9licite le maire. Une sorte d\u2019\u00a0\u00bbAll\u00f4 police municipale comme All\u00f4 mairie.\u00a0\u00bb<\/p>\n<p><strong>Un r\u00e9seau de commer\u00e7ants vigilants<\/strong><\/p>\n<p>Sur le mod\u00e8le des Voisins vigilants \u00ab\u00a0qui fonctionnent tr\u00e8s bien\u00a0\u00bb, surligne le maire. Avec formation pour lutter contre les vols et les incivilit\u00e9s et cr\u00e9ation d\u2019une cha\u00eene WhatsApp \u00ab\u00a0pour une information plus directe et rapide\u00a0\u00bb.<\/p>\n<p><strong>Des audits de s\u00e9curit\u00e9 gratuits pour les commerces<\/strong><\/p>\n<p>\u00ab\u00a0\u00c0 l\u2019instar des audits de pr\u00e9vention situationnelle propos\u00e9s depuis 2014 aux particuliers ni\u00e7ois\u00a0\u00bb, rappelle le maire. Ils sont lanc\u00e9s \u00ab\u00a0d\u00e8s (cette) semaine\u00a0\u00bb.<\/p>\n<p><strong>Instauration de r\u00e9f\u00e9rents d\u00e9di\u00e9s aux commer\u00e7ants<\/strong><\/p>\n<p>\u00ab\u00a0Dirig\u00e9 par un chef de service aguerri et ancien policier national\u00a0\u00bb, ce service, qui sera joignable directement (1), \u00ab\u00a0sillonnera nos rues \u00e0 la rencontre des commer\u00e7ants et animera ce r\u00e9seau d\u00e9di\u00e9.\u00a0\u00bb<\/p>\n<p><strong>Un groupement des dol\u00e9ances li\u00e9es aux \u00ab\u00a0populations errantes\u00a0\u00bb<\/strong><\/p>\n<p>Le premier adjoint au maire, Anthony Borr\u00e9, est charg\u00e9 de \u00ab\u00a0coordonner les actions \u00e0 mettre en \u0153uvre pour prendre en compte ces situations (&#8230;) avec les \u00e9lus en charge du social (Jennifer Salles) et de la propret\u00e9 et des espaces verts (Pierre-Paul L\u00e9onelli)\u00a0\u00bb. \u00ab\u00a0Cette task force\u00a0\u00bb devra apporter des \u00ab\u00a0r\u00e9ponses concr\u00e8tes en lien avec les associations et les partenaires.\u00a0\u00bb<\/p>\n<p><strong>Une \u00e9quipe mobile m\u00e9dico-sociale<\/strong><\/p>\n<p>Elle \u00ab\u00a0travaillera en lien avec le conseil local de sant\u00e9 mentale pour prendre en compte certaines situations\u00a0\u00bb. Pr\u00e9cisions d\u2019ici un mois.<\/p>\n<p><strong>Centralisation des points de distribution alimentaire municipaux<\/strong><\/p>\n<p>Consid\u00e9rant que \u00ab\u00a0le syst\u00e8me de maraudes est d\u00e9suet\u00a0\u00bb et g\u00e9n\u00e8re des nuisances, le maire plaide pour un seul lieu d\u2019accueil permanent, \u00ab\u00a0actuellement \u00e0 l\u2019\u00e9tude\u00a0\u00bb.<\/p>\n<p>(1) Par t\u00e9l\u00e9phone (07.77.84.77.69) ou mail (prevention.commercants@ville-nice.fr).<\/p>\n<p>            \u00ab\u00a0Une des villes les plus s\u00fbres de France\u00a0\u00bb<\/p>\n<p>Ce plan est une adaptation \u00e0 l\u2019\u00e9volution des nuisances et de la d\u00e9linquance pour Christian Estrosi, surtout pas un aveu d\u2019\u00e9chec de sa politique s\u00e9curitaire. Car Nice est \u00ab\u00a0une des villes les plus s\u00fbres de France\u00a0\u00bb, claironne le maire. Et d\u2019invoquer \u00ab\u00a0les classements du minist\u00e8re de l\u2019Int\u00e9rieur (&#8230;) et les enqu\u00eates ind\u00e9pendantes publi\u00e9es notamment par Le Figaro \u00ab\u00a0.<\/p>\n<p>Dans le dernier palmar\u00e8s des villes les plus dangereuses qu\u2019a publi\u00e9 notre confr\u00e8re le 27 mars, Nice se classe dans la meilleure moiti\u00e9 des 42 plus grandes m\u00e9tropoles de France pour la plupart des crimes et d\u00e9lits. \u00c0 l\u2019exception, probl\u00e9matique, du trafic de stup\u00e9fiants qui en fait la 9e ville la plus touch\u00e9e du pays.<\/p>\n<p>Et la tendance est bonne selon le maire: \u00ab\u00a0La d\u00e9linquance \u00e0 Nice a chut\u00e9 de 25% en dix ans!\u00a0\u00bb Pour lui, \u00ab\u00a0Ce r\u00e9sultat est le fruit d\u2019une strat\u00e9gie assum\u00e9e, d\u2019un engagement total et surtout du travail remarquable de notre police municipale.\u00a0\u00bb Mais \u00ab\u00a0nous sommes, comme toutes les grandes villes, confront\u00e9s \u00e0 une d\u00e9linquance d\u2019appropriation: vol \u00e0 la tire, vol roulotte dans les voitures, vols de deux-roues ou cambriolages. C\u2019est pourquoi nous nous devons de nous r\u00e9inventer, d\u2019imaginer de nouvelles solutions et continuer \u00e0 agir, sans rel\u00e2che.\u00a0\u00bb<\/p>\n<p>            \u00ab\u00a0Je ne pense m\u00eame pas aux municipales\u00a0\u00bb<\/p>\n<p>Christian Estrosi cherche-t-il \u00e0 se repositionner \u00e0 droite dans l\u2019optique des \u00e9lections municipales de 2026? Et ainsi r\u00e9duire l\u2019espace politique que viserait la candidature attendue d\u2019\u00c9ric Ciotti, l\u2019ap\u00f4tre de l\u2019union des droites alli\u00e9 au Rassemblement national?<\/p>\n<p>Tout porte \u00e0 le croire avec ce plan de renforcement de la s\u00e9curit\u00e9 et une r\u00e9union publique, le 24 avril, au cours de laquelle le maire a renou\u00e9 avec ses discours les plus durs contre la d\u00e9linquance, l\u2019immigration, l\u2019islamisme, l\u2019assistanat, la bureaucratie.<\/p>\n<p>Celui qui a longtemps soutenu le pr\u00e9sident Macron s\u2019en d\u00e9fend, \u00e9videmment: \u00ab\u00a0Je n\u2019ai jamais chang\u00e9. Je suis un maire qui reste gaulliste de droite avec la main droite, ferme, qui n\u2019a jamais molli, et la main gauche, toujours ouverte sur la culture, l\u2019action sociale, le soutien aux plus modestes, aux plus fragiles. Et aujourd\u2019hui, une grande partie du centre gauche est en demande de plus d\u2019autorit\u00e9. La France a vraiment bascul\u00e9. J\u2019ai bien mesur\u00e9 qu\u2019il y a une grosse attente sur ces sujets. Je suis entr\u00e9 dans une phase o\u00f9 je dis: donnez aux maires les moyens d\u2019aller beaucoup plus loin quand ils sont volontaires. J\u2019essaie juste d\u2019\u00eatre lucide, objectif. Si vous savez \u00e0 quel point je ne pense m\u00eame pas aux \u00e9lections municipales\u2026\u00a0\u00bb<\/p>\n","protected":false},"excerpt":{"rendered":"\u00ab\u00a0Les menaces \u00e9voluent, les r\u00e9ponses aussi.\u00a0\u00bb Le maire Horizons de Nice annonce en exclusivit\u00e9 \u00e0 Nice-Matin une r\u00e9organisation&hellip;\n","protected":false},"author":2,"featured_media":110959,"comment_status":"","ping_status":"","sticky":false,"template":"","format":"standard","meta":{"footnotes":""},"categories":[2819],"tags":[1111,11,1777,674,1011,27,12,2401,316,882,25,3366],"class_list":{"0":"post-110958","1":"post","2":"type-post","3":"status-publish","4":"format-standard","5":"has-post-thumbnail","7":"category-nice","8":"tag-actu","9":"tag-actualites","10":"tag-eu","11":"tag-europe","12":"tag-fr","13":"tag-france","14":"tag-news","15":"tag-nice","16":"tag-politique","17":"tag-provence-alpes-cote-dazur","18":"tag-republique-francaise","19":"tag-vie-locale"},"share_on_mastodon":{"url":"https:\/\/pubeurope.com\/@fr\/114532767762485063","error":""},"_links":{"self":[{"href":"https:\/\/www.europesays.com\/fr\/wp-json\/wp\/v2\/posts\/110958","targetHints":{"allow":["GET"]}}],"collection":[{"href":"https:\/\/www.europesays.com\/fr\/wp-json\/wp\/v2\/posts"}],"about":[{"href":"https:\/\/www.europesays.com\/fr\/wp-json\/wp\/v2\/types\/post"}],"author":[{"embeddable":true,"href":"https:\/\/www.europesays.com\/fr\/wp-json\/wp\/v2\/users\/2"}],"replies":[{"embeddable":true,"href":"https:\/\/www.europesays.com\/fr\/wp-json\/wp\/v2\/comments?post=110958"}],"version-history":[{"count":0,"href":"https:\/\/www.europesays.com\/fr\/wp-json\/wp\/v2\/posts\/110958\/revisions"}],"wp:featuredmedia":[{"embeddable":true,"href":"https:\/\/www.europesays.com\/fr\/wp-json\/wp\/v2\/media\/110959"}],"wp:attachment":[{"href":"https:\/\/www.europesays.com\/fr\/wp-json\/wp\/v2\/media?parent=110958"}],"wp:term":[{"taxonomy":"category","embeddable":true,"href":"https:\/\/www.europesays.com\/fr\/wp-json\/wp\/v2\/categories?post=110958"},{"taxonomy":"post_tag","embeddable":true,"href":"https:\/\/www.europesays.com\/fr\/wp-json\/wp\/v2\/tags?post=110958"}],"curies":[{"name":"wp","href":"https:\/\/api.w.org\/{rel}","templated":true}]}}