{"id":110964,"date":"2025-05-19T05:10:51","date_gmt":"2025-05-19T05:10:51","guid":{"rendered":"https:\/\/www.europesays.com\/fr\/110964\/"},"modified":"2025-05-19T05:10:51","modified_gmt":"2025-05-19T05:10:51","slug":"fc-nantes-on-na-pas-ete-au-niveau-mais-content-du-maintien","status":"publish","type":"post","link":"https:\/\/www.europesays.com\/fr\/110964\/","title":{"rendered":"FC Nantes. \u00ab\u00a0On n&rsquo;a pas \u00e9t\u00e9 au niveau, mais content du maintien\u00a0\u00bb"},"content":{"rendered":"<p class=\"block date\" id=\"dateEtAuteur\">Publi\u00e9 : 18 mai 2025 \u00e0 1h16  par Simon  REUNGOAT <\/p>\n<p><img decoding=\"async\" class=\"\" style=\"width:100%\" src=\"https:\/\/www.europesays.com\/fr\/wp-content\/uploads\/2025\/05\/WhatsApp_Image_2025_05_18___00_47_56_ab829f621747522427041.jpg\" alt=\"La Tribune Loire\"\/>A l&rsquo;issue d&rsquo;une victoire logique face \u00e0 Montpellier (3-0), le FC Nantes s&rsquo;est maintenu en Ligue 1, sans faire oublier une saison m\u00e9diocre. <\/p>\n<p>Les supporters des Canaris peuvent enfin souffler, leur club de coeur reste au sein de l&rsquo;\u00e9lite. Mais il aura fallu attendre la 34e et derni\u00e8re journ\u00e9e pour valider ce maintien. Long. Beaucoup trop long. Surtout au regard du triste spectacle propos\u00e9 par Antoine Kombouar\u00e9 et ses joueurs. Le succ\u00e8s 3-0 de ce samedi soir face \u00e0 une \u00e9quipe de Montpellier d\u00e9j\u00e0 en vacances et surtout rel\u00e9gu\u00e9e depuis longtemps n&rsquo;a pas accouch\u00e9 d&rsquo;une r\u00e9conciliation entre les Jaune et Vert et leur public. En fin de match on pouvait d&rsquo;ailleurs lier sur une large banderole en bas de la tribune Loire : \u00ab\u00a0RIDEAU SUR CETTE ENIEME SAISON NOIRE\u00a0\u00bb. Pour le capiaine P\u00e9dro Chirivella, c&rsquo;est surtout le soulagement qui primait \u00e0 l&rsquo;issue de ce match :<\/p>\n<p>\u00a0<\/p>\n<blockquote><p>\n\u00ab\u00a0On sait qu&rsquo;on n&rsquo;a pas \u00e9t\u00e9 au niveau sur beaucoup de matchs cette saison\u00a0\u00bb\n<\/p><\/blockquote>\n<p>\u00a0<\/p>\n<p>\u00ab\u00a0<strong>Content pour ce maintien, on n&rsquo;a pas l\u00e2ch\u00e9 dans la difficult\u00e9, on a fait le match qu&rsquo;il fallait dans l&rsquo;intensit\u00e9, dans l&rsquo;agressivit\u00e9<\/strong>. On sait tous qu&rsquo;il y a beaucoup de choses \u00e0 am\u00e9liorer, mais on a souffert et<strong> c&rsquo;est un soulagement parce qu&rsquo;on sait dans quel club on est. L&rsquo;histoire de cette \u00e9quipe, de ce club, de la ville<\/strong>. On sait qu&rsquo;on n&rsquo;a pas \u00e9t\u00e9 au niveau sur beaucoup de matchs cette saison. Donc voil\u00e0, on est des personnes comme vous. Quand vous ne faites pas bien votre travail, vous \u00eates touch\u00e9s aussi. <strong>Mais ce soir, c&rsquo;est surtout tr\u00e8s content de se maintenir !<\/strong>\u00ab\u00a0<\/p>\n<p>\u00a0<\/p>\n<p>Pedro ChirivellaPedro Chirivella <\/p>\n<p>Apres une telle saison, la question de l&rsquo;avenir du coach Antoine Kombouar\u00e9 se pose forc\u00e9ment. Il lui reste un an de contrat. Le pr\u00e9sident Waldemar Kita, qui envisage s\u00e9rieusement de le remplacer, a refus\u00e9 de r\u00e9pondre \u00e0 la presse apr\u00e8s la rencontre. Le coach, lui, s&rsquo;est agac\u00e9 qu&rsquo;on insiste sur le sujet :<\/p>\n<p>\u00a0<\/p>\n<blockquote><p>\n\u00ab\u00a0Je ne peux pas r\u00e9pondre \u00e0 la place de Waldemar Kita, moi !\u00a0\u00bb\n<\/p><\/blockquote>\n<p>\u00a0<\/p>\n<p>\u00ab\u00a0Mais pourquoi vous me posez la question \u00e0 moi ? <strong>Si vous me posez la question, je vous dis, j&rsquo;ai un contrat. Moi, je suis nantais, je me suis tr\u00e8s heureux d&rsquo;\u00eatre ici. <\/strong>Et puis apr\u00e8s, si vous continuez \u00e0 me poser la question je ne vais pas vous r\u00e9pondre quelque chose de diff\u00e9rent. <strong>\u00c0 moins que vous ne vouliez plus me voir, c&rsquo;est \u00e7a? Non, mais dites-le ! <\/strong>Non mais comment je vais r\u00e9pondre, moi ? Vous m&rsquo;avez pos\u00e9 10 fois la question. <strong>Ben alors, posez-la aux dirigeants. Puis vous allez commencer \u00e0 me gonfler <\/strong>parce que je suis fatigu\u00e9. Moi je suis quelqu&rsquo;un de respectueux donc j&rsquo;ai dit aue j&rsquo;avais un contrat d&rsquo;un an et que j&rsquo;en ai envie de rester. Apr\u00e8s, tu veux que je dise quoi ? Je ne peux pas r\u00e9pondre \u00e0 la place de Waldemar Kita, moi !\u00a0\u00bb<\/p>\n<p style=\"font-family: 'PT Mono', monospace;\">\u00a0<\/p>\n<p>Antoine Kombouar\u00e9Antoine Kombouar\u00e9 <\/p>\n<p>Au classement, le FC Nantes finit la saison 13e avec 36 points. Le Havre se sauve. Reims fera les barrages aller\/retour face \u00e0 Metz. Saint-Etienne et Montpellier sont rel\u00e9gu\u00e9s.<\/p>\n<p>\u00a0<\/p>\n","protected":false},"excerpt":{"rendered":"Publi\u00e9 : 18 mai 2025 \u00e0 1h16 par Simon REUNGOAT A l&rsquo;issue d&rsquo;une victoire logique face \u00e0 Montpellier&hellip;\n","protected":false},"author":2,"featured_media":110965,"comment_status":"","ping_status":"","sticky":false,"template":"","format":"standard","meta":{"footnotes":""},"categories":[2818],"tags":[1111,11,13292,1438,1465,13293,3450,829,4356,2171,4357,3472,434,1777,674,9593,3337,3321,2257,1011,27,9518,848,1114,13289,2693,66,3047,1781,13291,13290,3729,766,12,9144,2636,3319,584,25,4937,3728,3272,60,3087,3165,2546],"class_list":{"0":"post-110964","1":"post","2":"type-post","3":"status-publish","4":"format-standard","5":"has-post-thumbnail","7":"category-nantes","8":"tag-actu","9":"tag-actualites","10":"tag-aeroport-notre-dame-des-landes","11":"tag-angers","12":"tag-basket","13":"tag-bonnets-rouges","14":"tag-brest","15":"tag-bretagne","16":"tag-coronavirus","17":"tag-cotes-darmor","18":"tag-covid-19","19":"tag-dinan","20":"tag-epidemie","21":"tag-eu","22":"tag-europe","23":"tag-fcn","24":"tag-festivals","25":"tag-finistere","26":"tag-foot","27":"tag-fr","28":"tag-france","29":"tag-hand","30":"tag-ille-et-vilaine","31":"tag-infos","32":"tag-la-roche-sur-yon","33":"tag-laval","34":"tag-ligue-1","35":"tag-loire-atlantique","36":"tag-lorient","37":"tag-maine-et-loire","38":"tag-mayenne","39":"tag-morbihan","40":"tag-nantes","41":"tag-news","42":"tag-ouest","43":"tag-pays-de-la-loire","44":"tag-quimper","45":"tag-rennes","46":"tag-republique-francaise","47":"tag-saint-brieuc","48":"tag-saint-malo","49":"tag-saint-nazaire","50":"tag-sports","51":"tag-stade-rennais","52":"tag-vannes","53":"tag-vendee"},"share_on_mastodon":{"url":"","error":"Validation failed: Text character limit of 500 exceeded"},"_links":{"self":[{"href":"https:\/\/www.europesays.com\/fr\/wp-json\/wp\/v2\/posts\/110964","targetHints":{"allow":["GET"]}}],"collection":[{"href":"https:\/\/www.europesays.com\/fr\/wp-json\/wp\/v2\/posts"}],"about":[{"href":"https:\/\/www.europesays.com\/fr\/wp-json\/wp\/v2\/types\/post"}],"author":[{"embeddable":true,"href":"https:\/\/www.europesays.com\/fr\/wp-json\/wp\/v2\/users\/2"}],"replies":[{"embeddable":true,"href":"https:\/\/www.europesays.com\/fr\/wp-json\/wp\/v2\/comments?post=110964"}],"version-history":[{"count":0,"href":"https:\/\/www.europesays.com\/fr\/wp-json\/wp\/v2\/posts\/110964\/revisions"}],"wp:featuredmedia":[{"embeddable":true,"href":"https:\/\/www.europesays.com\/fr\/wp-json\/wp\/v2\/media\/110965"}],"wp:attachment":[{"href":"https:\/\/www.europesays.com\/fr\/wp-json\/wp\/v2\/media?parent=110964"}],"wp:term":[{"taxonomy":"category","embeddable":true,"href":"https:\/\/www.europesays.com\/fr\/wp-json\/wp\/v2\/categories?post=110964"},{"taxonomy":"post_tag","embeddable":true,"href":"https:\/\/www.europesays.com\/fr\/wp-json\/wp\/v2\/tags?post=110964"}],"curies":[{"name":"wp","href":"https:\/\/api.w.org\/{rel}","templated":true}]}}