{"id":110972,"date":"2025-05-19T05:14:08","date_gmt":"2025-05-19T05:14:08","guid":{"rendered":"https:\/\/www.europesays.com\/fr\/110972\/"},"modified":"2025-05-19T05:14:08","modified_gmt":"2025-05-19T05:14:08","slug":"toulouse-pourquoi-la-station-de-metro-marengo-sncf-va-etre-entierement-fermee-pendant-deux-jours","status":"publish","type":"post","link":"https:\/\/www.europesays.com\/fr\/110972\/","title":{"rendered":"Toulouse. Pourquoi la station de m\u00e9tro Marengo-SNCF va \u00eatre enti\u00e8rement ferm\u00e9e pendant deux jours"},"content":{"rendered":"<p>            Par<br \/>\n        <strong><br \/>\n            <a href=\"https:\/\/actu.fr\/auteur\/guillaume-laurens\" title=\"Consulter tous les articles de Guillaume Laurens\" target=\"_blank\" rel=\"noopener\">Guillaume Laurens<\/a><br \/>\n        <\/strong><\/p>\n<p>        Publi\u00e9 le<\/p>\n<p>            19 mai 2025 \u00e0 7h12        <\/p>\n<p>Tr\u00e8s emprunt\u00e9e sur la ligne A, la station<strong> \u00ab\u2009Marengo SNCF\u2009\u00bb<\/strong> \u2014 appel\u00e9e \u00e0 \u00eatre <a href=\"https:\/\/actu.fr\/occitanie\/toulouse_31555\/toulouse-lignes-a-et-b-du-metro-une-station-va-changer-de-nom-trois-autres-pourraient-suivre_59512433.html\" target=\"_blank\" rel=\"noopener\">rebaptis\u00e9e \u00ab\u2009Matabiau Gare\u2009\u00bb fin 2028<\/a> avec l\u2019ouverture de <a href=\"https:\/\/actu.fr\/tag\/ligne-c-du-metro-de-toulouse\" target=\"_blank\" rel=\"noopener\">la ligne C<\/a> \u2014 sera enti\u00e8rement <strong>ferm\u00e9e aux voyageurs<\/strong> et<strong> non desservie<\/strong> par le <strong>m\u00e9tro<\/strong> de Toulouse vendredi\u00a030 et samedi 31\u00a0mai 2025, annonce <a href=\"https:\/\/actu.fr\/tag\/tisseo\" target=\"_blank\" rel=\"noopener\">Tiss\u00e9o<\/a>.<\/p>\n<p>Avant la fermeture du passage souterrain pour un an<\/p>\n<p class=\" wall-content\">Cette fermeture de deux jours, qui tombe donc pendant le <strong>pont de l\u2019Ascension<\/strong>, entre dans le cadre des \u00ab\u2009travaux entre la <strong>gare Matabiau<\/strong> et la <strong>station<\/strong> de m\u00e9tro Marengo-SNCF\u2009\u00bb, pr\u00e9cise Tiss\u00e9o.<\/p>\n<p class=\" wall-content\">Ce chantier <strong>pr\u00e9lude \u00e0 l\u2019arriv\u00e9e de la ligne C<\/strong> du m\u00e9tro de Toulouse. D\u00e8s le surlendemain, la correspondance entre la gare Matabiau et la ligne A du m\u00e9tro s\u2019effectuera en effet via les espaces publics en surface, le <strong>passage souterrain<\/strong> entre la gare et le m\u00e9tro \u00e9tant <strong>ferm\u00e9 pendant un an<\/strong>, du lundi 2\u00a0juin 2025 au mois de juin\u00a02026.<\/p>\n<p>    <a href=\"https:\/\/www.google.com\/maps\/embed?pb=!1m18!1m12!1m3!1d5777.571887673415!2d1.4522740773041913!3d43.61099835515747!2m3!1f0!2f0!3f0!3m2!1i1024!2i768!4f13.1!3m3!1m2!1s0x12aebcbd0908ef29%3A0x3538df0df1e27a99!2sStation%20Marengo%20SNCF!5e0!3m2!1sfr!2sfr!4v1747232080347!5m2!1sfr!2sfr\" title=\"Ouvrie le lien\" target=\"_blank\" rel=\"noopener\">Cliquez ici pour visualiser le contenu<\/a><\/p>\n<p>Comment rejoindre la gare Matabiau sans cette station\u2009?<\/p>\n<p class=\" wall-content\">Pendant ces <strong>deux jours de fermeture<\/strong> de la station Marengo-SNCF, les voyageurs devront pr\u00e9voir d\u2019autres solutions de d\u00e9placement. Pour les touristes en transit vers le train et les bras charg\u00e9s de valises, depuis les lignes A et B du m\u00e9tro, il est possible de\u00a0<strong>rejoindre la gare Matabiau<\/strong>\u2009:<\/p>\n<ul class=\" wall-content\">\n<li>En 10\u00a0minutes de marche, depuis la <strong>station Jean Jaur\u00e8s<\/strong> (lignes A et B)<\/li>\n<li>En 15\u00a0minutes de marche, depuis la <strong>station Jeanne d\u2019Arc<\/strong> (ligne B).<\/li>\n<li>Emprunter les <strong>lignes de bus L9 et L14<\/strong> \u00e0 l\u2019arr\u00eat Jean Jaur\u00e8s situ\u00e9 20 all\u00e9e Jean Jaur\u00e8s (correspondance avec les lignes A et B du m\u00e9tro) jusqu\u2019\u00e0 l\u2019arr\u00eat Riquet situ\u00e9 88 all\u00e9e Jean Jaur\u00e8s). La gare se situe alors \u00e0 moins de 5 min de marche.<\/li>\n<\/ul>\n<p class=\" wall-content\">Suivez toute l\u2019actualit\u00e9 de vos villes et m\u00e9dias favoris en vous inscrivant \u00e0 <a href=\"https:\/\/moncompte.actu.fr\" title=\"D\u00e9couvez Mon Actu\" rel=\"nofollow noopener\" data-trk=\"{&quot;cta&quot;:{&quot;action&quot;:&quot;https:\\\/\\\/moncompte.actu.fr&quot;,&quot;category&quot;:&quot;mon compte&quot;,&quot;from&quot;:&quot;article footer&quot;,&quot;name&quot;:&quot;Mon actu&quot;,&quot;type&quot;:&quot;cta&quot;}}\" target=\"_blank\">Mon Actu<\/a>.<\/p>\n<ul class=\"ac-article-tag wall-content\">\n<li><a href=\"https:\/\/actu.fr\/tag\/metro-de-toulouse\" data-trk=\"{&quot;cta&quot;:{&quot;action&quot;:&quot;M\\u00e9tro de Toulouse&quot;,&quot;category&quot;:&quot;tag&quot;,&quot;from&quot;:&quot;article footer&quot;,&quot;name&quot;:&quot;M\\u00e9tro de Toulouse&quot;,&quot;type&quot;:&quot;cta&quot;}}\" target=\"_blank\" rel=\"noopener\">#M\u00e9tro de Toulouse<\/a><\/li>\n<li><a href=\"https:\/\/actu.fr\/tag\/tisseo\" data-trk=\"{&quot;cta&quot;:{&quot;action&quot;:&quot;Tiss\\u00e9o&quot;,&quot;category&quot;:&quot;tag&quot;,&quot;from&quot;:&quot;article footer&quot;,&quot;name&quot;:&quot;Tiss\\u00e9o&quot;,&quot;type&quot;:&quot;cta&quot;}}\" target=\"_blank\" rel=\"noopener\">#Tiss\u00e9o<\/a><\/li>\n<\/ul>\n","protected":false},"excerpt":{"rendered":"Par Guillaume Laurens Publi\u00e9 le 19 mai 2025 \u00e0 7h12 Tr\u00e8s emprunt\u00e9e sur la ligne A, la station&hellip;\n","protected":false},"author":2,"featured_media":110973,"comment_status":"","ping_status":"","sticky":false,"template":"","format":"standard","meta":{"footnotes":""},"categories":[2816],"tags":[1111,11,1777,674,1011,27,10596,12,2680,25,104,5400,2312],"class_list":{"0":"post-110972","1":"post","2":"type-post","3":"status-publish","4":"format-standard","5":"has-post-thumbnail","7":"category-toulouse","8":"tag-actu","9":"tag-actualites","10":"tag-eu","11":"tag-europe","12":"tag-fr","13":"tag-france","14":"tag-metro-de-toulouse","15":"tag-news","16":"tag-occitanie","17":"tag-republique-francaise","18":"tag-societe","19":"tag-tisseo","20":"tag-toulouse"},"share_on_mastodon":{"url":"https:\/\/pubeurope.com\/@fr\/114532795198944247","error":""},"_links":{"self":[{"href":"https:\/\/www.europesays.com\/fr\/wp-json\/wp\/v2\/posts\/110972","targetHints":{"allow":["GET"]}}],"collection":[{"href":"https:\/\/www.europesays.com\/fr\/wp-json\/wp\/v2\/posts"}],"about":[{"href":"https:\/\/www.europesays.com\/fr\/wp-json\/wp\/v2\/types\/post"}],"author":[{"embeddable":true,"href":"https:\/\/www.europesays.com\/fr\/wp-json\/wp\/v2\/users\/2"}],"replies":[{"embeddable":true,"href":"https:\/\/www.europesays.com\/fr\/wp-json\/wp\/v2\/comments?post=110972"}],"version-history":[{"count":0,"href":"https:\/\/www.europesays.com\/fr\/wp-json\/wp\/v2\/posts\/110972\/revisions"}],"wp:featuredmedia":[{"embeddable":true,"href":"https:\/\/www.europesays.com\/fr\/wp-json\/wp\/v2\/media\/110973"}],"wp:attachment":[{"href":"https:\/\/www.europesays.com\/fr\/wp-json\/wp\/v2\/media?parent=110972"}],"wp:term":[{"taxonomy":"category","embeddable":true,"href":"https:\/\/www.europesays.com\/fr\/wp-json\/wp\/v2\/categories?post=110972"},{"taxonomy":"post_tag","embeddable":true,"href":"https:\/\/www.europesays.com\/fr\/wp-json\/wp\/v2\/tags?post=110972"}],"curies":[{"name":"wp","href":"https:\/\/api.w.org\/{rel}","templated":true}]}}