{"id":110974,"date":"2025-05-19T05:16:07","date_gmt":"2025-05-19T05:16:07","guid":{"rendered":"https:\/\/www.europesays.com\/fr\/110974\/"},"modified":"2025-05-19T05:16:07","modified_gmt":"2025-05-19T05:16:07","slug":"rugby-elite-feminine-une-victoire-amere-contre-lille-et-une-descente-pour-le-stade-rennais","status":"publish","type":"post","link":"https:\/\/www.europesays.com\/fr\/110974\/","title":{"rendered":"Rugby. \u00c9lite f\u00e9minine. Une victoire am\u00e8re contre Lille et une descente pour le Stade Rennais ."},"content":{"rendered":"<p>Malgr\u00e9 leur victoire face \u00e0 Lille, ce dimanche 18\u00a0mai, les joueuses du Stade Rennais n\u2019ont pas r\u00e9ussi \u00e0 se maintenir en \u00c9lite f\u00e9minine. Les Lilloises d\u00e9crochent un point de bonus d\u00e9fensif et conservent ainsi leur neuvi\u00e8me place au championnat.<\/p>\n<p>Rennes a d\u2019abord fait le boulot<\/p>\n<p>Les Rennaises \u00e9taient pourtant bien parties. Offensives d\u2019entr\u00e9e de jeu, elles encha\u00eenaient les incursions et les m\u00eal\u00e9es \u00e0 leur avantage. Le premier essai \u00e9tait inscrit par la capitaine, M\u00e9lanie Blanchard, au terme d\u2019une puissante pouss\u00e9e collective\u00a0; et transform\u00e9 par Maurine Rivi\u00e8re (7-0, 11\u2019).<\/p>\n<p><strong>Lire aussi\u00a0:<\/strong> <a href=\"https:\/\/paris.maville.com\/sport\/detail_-rugby.-elite-feminine-rennes-s-offre-une-premiere-et-une-balle-de-match-pour-le-maintien-_54135-6801806_actu.Htm\" rel=\"nofollow noopener\" target=\"_blank\">Rugby. \u00c9lite f\u00e9minine\u00a0: Rennes s\u2019offre une premi\u00e8re et une balle de match pour le maintien\u00a0?<\/a><\/p>\n<p>Les Lilloises \u00e9taient un peu plus en retrait, tentant avec peine de progresser sur le terrain. Finalement, L\u00e9a Leroy r\u00e9ussissait \u00e0 percer les lignes adverses en slalomant entre les joueuses bretonnes pour aller aplatir l\u2019ovale. L\u2019essai \u00e9tait transform\u00e9 par Lucile Contal (7-7, 21\u2019). Les deux \u00e9quipes se rendaient coup pour coup. Aur\u00e9lie Merlet marquait un nouvel essai port\u00e9 par l\u2019\u00e9quipe \u00e0 l\u2019issue d\u2019une bataille acharn\u00e9e (14-7, 28\u2019).<\/p>\n<p>Le jeu \u00e9tait rapide et dynamique et les joueuses, conscientes de l\u2019enjeu, donnaient tout ce qu\u2019elles avaient et offraient au public un match plein d\u2019intensit\u00e9. Les Bretilliennes encha\u00eenaient les incursions et tentaient de passer les Nordistes. Malgr\u00e9 une d\u00e9fense r\u00e9sistante en face, les Rennaises marquaient un nouvel essai collectif avec Xane Sagarzazu (22-7, 70\u2019).<\/p>\n<p>\u00ab\u00a0On savait que les Rennaises n\u2019allaient rien l\u00e2cher\u00a0\u00bb<\/p>\n<p>Elles disposaient alors d\u2019une avance confortable, mais c\u2019\u00e9tait sans compter sur Ana\u00efs Denet, qui parvenait \u00e0 ramener son \u00e9quipe au score (22-12, 75\u2019). Dans les derni\u00e8res minutes de jeu, la tension \u00e9tait palpable avec cet enjeu d\u00e9terminant et les deux \u00e9quipes ne l\u00e2chaient rien. Et finalement, au terme d\u2019un match rempli de suspense, Lucile Contal d\u00e9livrait son \u00e9quipe gr\u00e2ce \u00e0 une p\u00e9nalit\u00e9 qui offrait \u00e0 Lille non pas la victoire, mais le maintien.<\/p>\n<p><strong>Lire aussi\u00a0:<\/strong> <a href=\"https:\/\/rennes.maville.com\/sport\/detail_-entretien.-comme-une-cocotte-minute-privee-des-jo-pour-une-commotion-elle-souffre-toujours-_7-6758943_actu.Htm\" rel=\"nofollow noopener\" target=\"_blank\">ENTRETIEN. \u00ab\u00a0Comme une cocotte-minute\u00a0\u00bb, priv\u00e9e des JO pour une commotion, elle souffre toujours<\/a><\/p>\n<p>Dans le camp rennais, l\u2019\u00e9motion \u00e9tait grande et l\u2019entra\u00eeneur Arnaud Le Berre ne trouvait pas les mots pour exprimer sa d\u00e9ception. Du c\u00f4t\u00e9 lillois, \u00e0 l\u2019inverse, la joie \u00e9tait grande et Cyril Fouda, l\u2019entra\u00eeneur a du mal \u00e0 cacher ses \u00e9motions. \u00a0On savait qu\u2019elles (les Rennaises) n\u2019allaient rien l\u00e2cher. Elles \u00e9taient \u00e0 domicile avec le public\u2026 on sait que c\u2019est un avantage donc voil\u00e0, on a bien travaill\u00e9. C\u2019\u00e9tait une saison tr\u00e8s difficile cette ann\u00e9e et on l\u2019a fait donc on est tr\u00e8s content.\u00a0<\/p>\n<p><strong>RENNES &#8211; VILLENEUVE-D\u2019ASCQ\u00a0: 22-15<\/strong> (14-7)<\/p>\n<p>Arbitre. M. Dutreuilh.<\/p>\n<p><strong>RENNES.<\/strong> 3\u00a0essais : Blanchard (11\u2019), Merlet (28\u2019), Sagarzazu (70\u2019). 2\u00a0transformations : Rivi\u00e8re (11\u2019, 28\u2019). 1\u00a0p\u00e9nalit\u00e9 : Elizondo (54\u2019).<\/p>\n<p><strong>VILLENEUVE-D\u2019ASCQ.<\/strong> 2\u00a0essais : Leroy (21\u2019), Denet (74\u2019). 1\u00a0transformation : Contal (21\u2019). 1\u00a0p\u00e9nalit\u00e9 : Contal (75\u2019).<\/p>\n<p>\u00a0<\/p>\n","protected":false},"excerpt":{"rendered":"Malgr\u00e9 leur victoire face \u00e0 Lille, ce dimanche 18\u00a0mai, les joueuses du Stade Rennais n\u2019ont pas r\u00e9ussi \u00e0&hellip;\n","protected":false},"author":2,"featured_media":110975,"comment_status":"","ping_status":"","sticky":false,"template":"","format":"standard","meta":{"footnotes":""},"categories":[2815],"tags":[1111,11,3809,1465,1777,674,63,1011,27,1792,811,1922,1307,12,25,479,3272,517,1470],"class_list":{"0":"post-110974","1":"post","2":"type-post","3":"status-publish","4":"format-standard","5":"has-post-thumbnail","7":"category-lille","8":"tag-actu","9":"tag-actualites","10":"tag-ball","11":"tag-basket","12":"tag-eu","13":"tag-europe","14":"tag-football","15":"tag-fr","16":"tag-france","17":"tag-handball","18":"tag-hauts-de-france","19":"tag-info","20":"tag-lille","21":"tag-news","22":"tag-republique-francaise","23":"tag-rugby","24":"tag-saint-nazaire","25":"tag-sport","26":"tag-volley"},"share_on_mastodon":{"url":"https:\/\/pubeurope.com\/@fr\/114532803127451857","error":""},"_links":{"self":[{"href":"https:\/\/www.europesays.com\/fr\/wp-json\/wp\/v2\/posts\/110974","targetHints":{"allow":["GET"]}}],"collection":[{"href":"https:\/\/www.europesays.com\/fr\/wp-json\/wp\/v2\/posts"}],"about":[{"href":"https:\/\/www.europesays.com\/fr\/wp-json\/wp\/v2\/types\/post"}],"author":[{"embeddable":true,"href":"https:\/\/www.europesays.com\/fr\/wp-json\/wp\/v2\/users\/2"}],"replies":[{"embeddable":true,"href":"https:\/\/www.europesays.com\/fr\/wp-json\/wp\/v2\/comments?post=110974"}],"version-history":[{"count":0,"href":"https:\/\/www.europesays.com\/fr\/wp-json\/wp\/v2\/posts\/110974\/revisions"}],"wp:featuredmedia":[{"embeddable":true,"href":"https:\/\/www.europesays.com\/fr\/wp-json\/wp\/v2\/media\/110975"}],"wp:attachment":[{"href":"https:\/\/www.europesays.com\/fr\/wp-json\/wp\/v2\/media?parent=110974"}],"wp:term":[{"taxonomy":"category","embeddable":true,"href":"https:\/\/www.europesays.com\/fr\/wp-json\/wp\/v2\/categories?post=110974"},{"taxonomy":"post_tag","embeddable":true,"href":"https:\/\/www.europesays.com\/fr\/wp-json\/wp\/v2\/tags?post=110974"}],"curies":[{"name":"wp","href":"https:\/\/api.w.org\/{rel}","templated":true}]}}