{"id":110977,"date":"2025-05-19T05:18:11","date_gmt":"2025-05-19T05:18:11","guid":{"rendered":"https:\/\/www.europesays.com\/fr\/110977\/"},"modified":"2025-05-19T05:18:11","modified_gmt":"2025-05-19T05:18:11","slug":"a-marseille-des-cours-dinitiation-a-la-petanque-dans-les-ecoles-primaires","status":"publish","type":"post","link":"https:\/\/www.europesays.com\/fr\/110977\/","title":{"rendered":"\u00e0 Marseille, des cours d\u2019initiation \u00e0 la p\u00e9tanque dans les \u00e9coles primaires"},"content":{"rendered":"<p>800 \u00e9l\u00e8ves des 2e et 3e arrondissements de Marseille ont eu l\u2019occasion de s\u2019initier \u00e0 la p\u00e9tanque gr\u00e2ce \u00e0 un dispositif mis en place par la mairie de secteur avec l\u2019appui du comit\u00e9 bouliste d\u00e9partemental des Bouches-du-Rh\u00f4ne.<\/p>\n<p class=\"fig-paragraph\">Apprendre \u00e0 jouer de la\u00a0<a href=\"http:\/\/www.lefigaro.fr\/nice\/telephone-en-cellule-terrain-de-foot-petanque-un-depute-fustige-les-conditions-de-detention-a-la-maison-d-arret-de-grasse-20250324\" data-fig-type=\"NewsFlash\" data-gtm-custom-categorie=\"navigation\" data-gtm-custom-action=\"crossclick\" data-gtm-custom-label=\"Contextuel\" data-gtm-event=\"customEventSPE\" data-fig-domain=\"LEFIGARO\" target=\"_blank\" rel=\"noopener\">p\u00e9tanque<\/a>\u00a0dans le cadre de sa scolarit\u00e9, c\u2019est ce que propose la mairie des 2e et 3e arrondissements de Marseille. Depuis l\u2019an dernier, plusieurs centaines d\u2019\u00e9l\u00e8ves issus d\u2019une quinzaine d\u2019\u00e9coles primaires du secteur peuvent participer \u00e0 des cours d\u2019initiation \u00e0 la p\u00e9tanque, dans le cadre d\u2019un partenariat avec le comit\u00e9 bouliste d\u00e9partemental des Bouches-du-Rh\u00f4ne.<\/p>\n<p class=\"fig-paragraph\">Le programme s\u2019est mat\u00e9rialis\u00e9 par des cours d\u2019initiation r\u00e9partis sur plusieurs mois en compagnie de\u00a0<a href=\"http:\/\/www.lefigaro.fr\/actualite-france\/menaces-d-expulsion-les-boulistes-de-montmartre-font-de-leur-terrain-la-premiere-zad-de-paris-20240425\" data-fig-type=\"Article\" data-gtm-custom-categorie=\"navigation\" data-gtm-custom-action=\"crossclick\" data-gtm-custom-label=\"Contextuel\" data-gtm-event=\"customEventSPE\" data-fig-domain=\"LEFIGARO\" target=\"_blank\" rel=\"noopener\">boulistes<\/a>\u00a0de l\u2019association. \u00abOn a utilis\u00e9 les huit terrains r\u00e9nov\u00e9s de la mairie de secteur. Cela permet d\u2019offrir autre chose que de la boxe ou du football \u00e0 ces enfants, puisqu\u2019on s\u2019est rendu compte que beaucoup de Marseillais \u00e9taient \u00e9loign\u00e9s de cette pratique\u00bb, se f\u00e9licite le maire des 2e et 3e arrondissements de Marseille, Anthony Krehmeier (PS) aupr\u00e8s du Figaro.<\/p>\n<p>Tournoi en juin<\/p>\n<p class=\"fig-paragraph\">Au total, ce sont 800 \u00e9l\u00e8ves qui ont b\u00e9n\u00e9fici\u00e9 du programme cette ann\u00e9e, contre 250 l\u2019an pass\u00e9. \u00abC\u2019est un vrai succ\u00e8s. La p\u00e9tanque, c\u2019est aussi un art de vivre, c\u2019est tr\u00e8s m\u00e9diterran\u00e9en et cela fait partie de notre mode de vie. On esp\u00e8re transmettre le virus aux enfants\u00bb, ajoute l\u2019\u00e9dile, pr\u00e9cisant que ces initiations aboutiront \u00e0 un v\u00e9ritable tournoi entre \u00e9l\u00e8ves du 16 au 20 juin prochains.<\/p>\n","protected":false},"excerpt":{"rendered":"800 \u00e9l\u00e8ves des 2e et 3e arrondissements de Marseille ont eu l\u2019occasion de s\u2019initier \u00e0 la p\u00e9tanque gr\u00e2ce&hellip;\n","protected":false},"author":2,"featured_media":110978,"comment_status":"","ping_status":"","sticky":false,"template":"","format":"standard","meta":{"footnotes":""},"categories":[2814],"tags":[1111,11,885,1182,1180,1181,1122,847,1777,674,1011,27,1184,1185,884,12,1177,1176,149,1186,882,25,1178,1183,1179],"class_list":{"0":"post-110977","1":"post","2":"type-post","3":"status-publish","4":"format-standard","5":"has-post-thumbnail","7":"category-marseille","8":"tag-actu","9":"tag-actualites","10":"tag-bouches-du-rhone","11":"tag-calanques","12":"tag-canebiere","13":"tag-cite-phoceenne","14":"tag-ecole","15":"tag-enfant","16":"tag-eu","17":"tag-europe","18":"tag-fr","19":"tag-france","20":"tag-la-timone","21":"tag-les-baumettes-mediterranee","22":"tag-marseille","23":"tag-news","24":"tag-notre-dame-de-la-garde","25":"tag-olympique-de-marseille","26":"tag-om","27":"tag-provence","28":"tag-provence-alpes-cote-dazur","29":"tag-republique-francaise","30":"tag-saint-charles","31":"tag-sormiou","32":"tag-vieux-port"},"share_on_mastodon":{"url":"https:\/\/pubeurope.com\/@fr\/114532810938853815","error":""},"_links":{"self":[{"href":"https:\/\/www.europesays.com\/fr\/wp-json\/wp\/v2\/posts\/110977","targetHints":{"allow":["GET"]}}],"collection":[{"href":"https:\/\/www.europesays.com\/fr\/wp-json\/wp\/v2\/posts"}],"about":[{"href":"https:\/\/www.europesays.com\/fr\/wp-json\/wp\/v2\/types\/post"}],"author":[{"embeddable":true,"href":"https:\/\/www.europesays.com\/fr\/wp-json\/wp\/v2\/users\/2"}],"replies":[{"embeddable":true,"href":"https:\/\/www.europesays.com\/fr\/wp-json\/wp\/v2\/comments?post=110977"}],"version-history":[{"count":0,"href":"https:\/\/www.europesays.com\/fr\/wp-json\/wp\/v2\/posts\/110977\/revisions"}],"wp:featuredmedia":[{"embeddable":true,"href":"https:\/\/www.europesays.com\/fr\/wp-json\/wp\/v2\/media\/110978"}],"wp:attachment":[{"href":"https:\/\/www.europesays.com\/fr\/wp-json\/wp\/v2\/media?parent=110977"}],"wp:term":[{"taxonomy":"category","embeddable":true,"href":"https:\/\/www.europesays.com\/fr\/wp-json\/wp\/v2\/categories?post=110977"},{"taxonomy":"post_tag","embeddable":true,"href":"https:\/\/www.europesays.com\/fr\/wp-json\/wp\/v2\/tags?post=110977"}],"curies":[{"name":"wp","href":"https:\/\/api.w.org\/{rel}","templated":true}]}}