{"id":110981,"date":"2025-05-19T05:20:08","date_gmt":"2025-05-19T05:20:08","guid":{"rendered":"https:\/\/www.europesays.com\/fr\/110981\/"},"modified":"2025-05-19T05:20:08","modified_gmt":"2025-05-19T05:20:08","slug":"le-cimetiere-de-la-guillotiere-se-met-au-vert","status":"publish","type":"post","link":"https:\/\/www.europesays.com\/fr\/110981\/","title":{"rendered":"le cimeti\u00e8re de la Guilloti\u00e8re se met au vert\u00a0"},"content":{"rendered":"<p><strong>Le projet est destin\u00e9 \u00e0 v\u00e9g\u00e9taliser le cimeti\u00e8re\u00a0en conciliant impact \u00e9cologique et confort des usagers. Fin de chantier pr\u00e9vue fin 2025 ou d\u00e9but 2026<\/strong>\u00a0<\/p>\n<p>900.000 euros. C\u2019est le budget d\u00e9bloqu\u00e9 par la Ville de Lyon pour v\u00e9g\u00e9taliser les cimeti\u00e8res de Guilloti\u00e8re dans les 7e et 8e arrondissements. Une directive qui prend tout son sens \u00e0 l\u2019occasion de la 10e \u00e9dition du printemps des cimeti\u00e8res qui s\u2019est d\u00e9roul\u00e9 ce week-end. Cette ann\u00e9e, le th\u00e8me de l\u2019\u00e9v\u00e8nement est le suivant : \u201cFaune, Flore et biodiversit\u00e9\u201d. Au c\u0153ur de ce large plan de v\u00e9g\u00e9talisation, un projet majeur : l\u2019exp\u00e9rimentation d\u2019un carr\u00e9 naturel. Autrement dit, une parcelle avec l\u2019aspect d\u2019une prairie fun\u00e9raire. Comme le r\u00e9v\u00e8le Laurent Bosetti, Adjoint au Maire de Lyon d\u00e9l\u00e9gu\u00e9 \u00e0 la Politique fun\u00e9raire, \u00ab\u00a0L\u2019id\u00e9e c\u2019est d\u2019avoir a la fois une qualit\u00e9 paysag\u00e8re, et de respecter l\u2019enjeu \u00e9cologique\u00a0\u00bb. En effet, le fun\u00e9raire a tout de m\u00eame un impact \u00e9cologique fort, par les mat\u00e9riaux utilis\u00e9s pour la construction des tombes, mais aussi avec le formol, utilis\u00e9 pour emp\u00eacher la d\u00e9composition du corps. La cr\u00e9ation de ce carr\u00e9 naturel permet ainsi de combiner les enjeux \u00e9cologiques et esth\u00e9tiques. \u00a0<\/p>\n<p><strong>Un concept singulier\u2026 mais pas in\u00e9dit<\/strong>\u00a0<\/p>\n<p>Cr\u00e9er un carr\u00e9 naturel pour faire cohabiter recueillements et biodiversit\u00e9 c\u2019est novateur mais pas nouveau. De nombreuses villes en France ont d\u00e9j\u00e0 tent\u00e9 l\u2019exp\u00e9rience \u00e0 l\u2019image de Niort dans le cimeti\u00e8re de Souch\u00e9. Le carr\u00e9 naturel semble se d\u00e9mocratiser partout sur l\u2019Hexagone. A Lyon, c\u2019est dans un but bien pr\u00e9cis que l\u2019exp\u00e9rimentation a \u00e9t\u00e9 d\u00e9cid\u00e9e. \u201cL\u2019id\u00e9e avec cette premi\u00e8re pierre c\u2019est de faire des petits en fonction du succ\u00e8s, pour le reproduire ailleurs\u201d, explique Laurent Bosetti. Derri\u00e8re cela, une volont\u00e9 forte de sobri\u00e9t\u00e9 \u00e9cologique, mais aussi \u00e9conomique puisqu\u2019une place dans ce carr\u00e9 naturel est beaucoup moins on\u00e9reuse pour les familles. A l\u2019instant 140 places sont pr\u00e9vues dans ce carr\u00e9.\u00a0<\/p>\n<p><strong>Le printemps des cimeti\u00e8res, une actualit\u00e9 id\u00e9ale pour promouvoir la v\u00e9g\u00e9talisation<\/strong>\u00a0<\/p>\n<p>Cet \u00e9v\u00e8nement national annuel, organis\u00e9 par la f\u00e9d\u00e9ration patrimoine Aurhalpin met en valeur la richesse du patrimoine fun\u00e9raire \u00e0 travers diverses animations. A Lyon, celles-ci sont r\u00e9alis\u00e9es main dans la main avec des partenaires locaux. C\u2019est notamment le cas de la ligue de protection des oiseaux (LPO), de la direction des cimeti\u00e8res ou encore des pompes fun\u00e8bres publiques, les services fun\u00e9raires. L\u2019objectif est de sensibiliser les usagers tout en faisant converger leurs int\u00e9r\u00eats avec ceux de la faune et de la flore. Les quatre cimeti\u00e8res de Lyon sont concern\u00e9s par cette op\u00e9ration.\u00a0<\/p>\n<p><strong>Un plan d\u2019am\u00e9nagement plus large<\/strong>\u00a0<\/p>\n<p>V\u00e9g\u00e9taliser, c\u2019est dans la t\u00eate des \u00e9lus depuis novembre 2023 et l\u2019adoption d\u2019une nouvelle strat\u00e9gie fun\u00e9raire qui place la transition \u00e9cologique au centre. Premi\u00e8re action en lien avec celle-ci, conventionner tous les cimeti\u00e8res lyonnais dans le but de recenser les esp\u00e8ces pr\u00e9sentes sur les lieux. En v\u00e9ritable pilier du projet, la v\u00e9g\u00e9talisation est destin\u00e9e \u00e0 bouleverser \u201cle paradigme du cimeti\u00e8re \u00e0 la fran\u00e7aise\u201d avec une omnipr\u00e9sence\u00a0du goudron et du marbre pour en faire \u201cun ilot de fraicheur\u201d pour reprendre les mots de Laurent Bosetti. Cette nouvelle optique sera expliqu\u00e9e aux familles par l\u2019interm\u00e9diaire par le nouveau r\u00e8glement des cimeti\u00e8res qui verra le jour en septembre prochain. \u00a0<\/p>\n<p><strong>Am\u00e9liorer le confort des usagers<\/strong>\u00a0<\/p>\n<p>L\u2019enjeu principal de ce changement de grande envergure, r\u00e9duire ces ilots de chaleurs \u201cinsupportables lorsque les personnes viennent se recueillir\u201d signale Gautier Chapuis, Adjoint au Maire de Lyon d\u00e9l\u00e9gu\u00e9 \u00e0 la V\u00e9g\u00e9talisation et \u00e0 la Biodiversit\u00e9.\u00a0Des bancs en plus, de nouvelles entr\u00e9es pour assurer une continuit\u00e9 pi\u00e9tonne ou encore favoriser l\u2019appropriation des cimeti\u00e8res comme dans les pays\u00a0du Nord, telles sont les mesures annonc\u00e9es. Pour Gautier Chapuis, il s\u2019agit en somme \u201cd\u2019un beau projet destin\u00e9 \u00e0 favoriser la biodiversit\u00e9 tout en apportant de la beaut\u00e9\u201d, et de l\u2019accessibilit\u00e9 en t\u00e9moigne les nombreuses all\u00e9es qui compose le cimeti\u00e8re. Le chantier se cl\u00f4turera fin 2025 ou d\u00e9but 2026, une quarantaine d\u2019arbres ont d\u00e9j\u00e0 \u00e9t\u00e9 plant\u00e9s dans le cimeti\u00e8re.\u00a0<\/p>\n","protected":false},"excerpt":{"rendered":"Le projet est destin\u00e9 \u00e0 v\u00e9g\u00e9taliser le cimeti\u00e8re\u00a0en conciliant impact \u00e9cologique et confort des usagers. Fin de chantier&hellip;\n","protected":false},"author":2,"featured_media":110982,"comment_status":"","ping_status":"","sticky":false,"template":"","format":"standard","meta":{"footnotes":""},"categories":[1889],"tags":[1111,11,2430,1777,674,1011,27,2428,12,25,10792],"class_list":{"0":"post-110981","1":"post","2":"type-post","3":"status-publish","4":"format-standard","5":"has-post-thumbnail","7":"category-lyon","8":"tag-actu","9":"tag-actualites","10":"tag-auvergne-rhone-alpes","11":"tag-eu","12":"tag-europe","13":"tag-fr","14":"tag-france","15":"tag-lyon","16":"tag-news","17":"tag-republique-francaise","18":"tag-vegetalisation"},"share_on_mastodon":{"url":"https:\/\/pubeurope.com\/@fr\/114532818798660146","error":""},"_links":{"self":[{"href":"https:\/\/www.europesays.com\/fr\/wp-json\/wp\/v2\/posts\/110981","targetHints":{"allow":["GET"]}}],"collection":[{"href":"https:\/\/www.europesays.com\/fr\/wp-json\/wp\/v2\/posts"}],"about":[{"href":"https:\/\/www.europesays.com\/fr\/wp-json\/wp\/v2\/types\/post"}],"author":[{"embeddable":true,"href":"https:\/\/www.europesays.com\/fr\/wp-json\/wp\/v2\/users\/2"}],"replies":[{"embeddable":true,"href":"https:\/\/www.europesays.com\/fr\/wp-json\/wp\/v2\/comments?post=110981"}],"version-history":[{"count":0,"href":"https:\/\/www.europesays.com\/fr\/wp-json\/wp\/v2\/posts\/110981\/revisions"}],"wp:featuredmedia":[{"embeddable":true,"href":"https:\/\/www.europesays.com\/fr\/wp-json\/wp\/v2\/media\/110982"}],"wp:attachment":[{"href":"https:\/\/www.europesays.com\/fr\/wp-json\/wp\/v2\/media?parent=110981"}],"wp:term":[{"taxonomy":"category","embeddable":true,"href":"https:\/\/www.europesays.com\/fr\/wp-json\/wp\/v2\/categories?post=110981"},{"taxonomy":"post_tag","embeddable":true,"href":"https:\/\/www.europesays.com\/fr\/wp-json\/wp\/v2\/tags?post=110981"}],"curies":[{"name":"wp","href":"https:\/\/api.w.org\/{rel}","templated":true}]}}