{"id":110983,"date":"2025-05-19T05:23:08","date_gmt":"2025-05-19T05:23:08","guid":{"rendered":"https:\/\/www.europesays.com\/fr\/110983\/"},"modified":"2025-05-19T05:23:08","modified_gmt":"2025-05-19T05:23:08","slug":"a-quoi-sattendre-a-paris","status":"publish","type":"post","link":"https:\/\/www.europesays.com\/fr\/110983\/","title":{"rendered":"\u00e0 quoi s&rsquo;attendre \u00e0 Paris"},"content":{"rendered":"<p>            Par<br \/>\n        <strong><br \/>\n            <a href=\"https:\/\/actu.fr\/auteur\/redaction-paris\" title=\"Consulter tous les articles de R\u00e9daction Paris\" target=\"_blank\" rel=\"noopener\">R\u00e9daction Paris<\/a><br \/>\n        <\/strong><\/p>\n<p>        Publi\u00e9 le<\/p>\n<p>            19 mai 2025 \u00e0 6h42        <\/p>\n<p>\u00ab\u2009Notre col\u00e8re fera l\u2019histoire\u2009\u00bb, a-t-elle promis dans <a href=\"https:\/\/fndt.fr\/fndt-appel-national-a-la-mobilisation-des-taxis-le-19-mai-2025\/\" target=\"_blank\" rel=\"noopener\">un appel \u00e0 manifester<\/a> lanc\u00e9 fin avril. Oppos\u00e9e aux nouvelles r\u00e8gles du transport sanitaire et \u00e0 la concurrence \u00ab\u2009d\u00e9loyale\u2009\u00bb des VTC, la <strong>F\u00e9d\u00e9ration nationale du taxi<\/strong> (FNDT) entend d\u00e9verser cette col\u00e8re un peu partout en France ce lundi 19\u00a0mai 2025. Elle s\u2019associe en cela aux principales autres f\u00e9d\u00e9rations du secteur. \u00c0 <a href=\"https:\/\/actu.fr\/paris\/dernieres-actus\" target=\"_blank\" rel=\"noopener\">Paris<\/a>, une op\u00e9ration escargot est pr\u00e9vue et une journ\u00e9e blanche des transports m\u00e9dicaux est organis\u00e9e, nous confirmait-elle encore la veille.<\/p>\n<p>Une \u00ab\u00a0visite touristique\u00a0\u00bb sur les Champs-\u00c9lys\u00e9es ?\u00a0<\/p>\n<p class=\" wall-content\">Les taxis (ils seraient au nombre de 5000) se sont donn\u00e9 rendez-vous d\u00e8s 7 heures boulevard Raspail, qui traverse les 6e, 7e et 14 arrondissements. Direction le minist\u00e8re des Transports, situ\u00e9 boulevard Saint-Germain, dans le 7e. Dans sa communication, la f\u00e9d\u00e9ration glisse, ironique, proposer \u00ab\u2009officiellement la plus grande visite touristique de taxis sur les <a href=\"https:\/\/actu.fr\/tag\/champs-elysees\" target=\"_blank\" rel=\"noopener\">Champs-\u00c9lys\u00e9es<\/a>\u2009\u00bb. Dimanche soir, la <a href=\"https:\/\/actu.fr\/tag\/prefecture-de-police-de-paris\" target=\"_blank\" rel=\"noopener\">pr\u00e9fecture de Police de Paris<\/a> n\u2019avait \u00e9mis aucun arr\u00eat\u00e9 d\u2019interdiction de manifestation ou de mise en place d\u2019un dispositif de s\u00e9curit\u00e9 en particulier.<\/p>\n<p class=\" wall-content\">La FNDT, qui pr\u00e9cise que la mobilisation du jour pourrait \u00ab\u2009\u00eatre reconduite ou adapt\u00e9e\u2009\u00bb en fonction \u00ab\u2009de l\u2019\u00e9volution des discussions avec les pouvoirs publics\u2009\u00bb, veut \u00ab\u2009frapper fort, pas pour d\u00e9ranger, mais pour exister\u2009\u00bb.<\/p>\n<p class=\" wall-content\">Jeudi, l\u2019Assurance-maladie a pr\u00e9sent\u00e9 son projet de nouvelle tarification pour les transports sanitaires effectu\u00e9s en taxi conventionn\u00e9 \u2013 elle doit encore \u00eatre approuv\u00e9e par le gouvernement, et entrerait en vigueur le 1er\u00a0octobre 2025.<\/p>\n<p class=\" wall-content\">Selon cette nouvelle tarification, les taxis seront r\u00e9mun\u00e9r\u00e9s sur la base d\u2019un forfait de prise en charge de 13 euros (avec une majoration pour les d\u00e9parts et arriv\u00e9es dans les grandes agglom\u00e9rations) et d\u2019une tarification kilom\u00e9trique align\u00e9e sur le tarif fix\u00e9 dans chaque d\u00e9partement. Des suppl\u00e9ments cibl\u00e9s seront possibles, par exemple, pour le transport de personnes \u00e0 mobilit\u00e9 r\u00e9duite. Or, selon les estimations de la FNDT, la baisse des tarifs \u00ab\u00a0va r\u00e9duire le chiffre d\u2019affaires des chauffeurs de 30 \u00e0 40%\u00a0\u00bb.<\/p>\n<p>Vid\u00e9os : en ce moment sur Actu<\/p>\n<p class=\" wall-content\">Sans compter les VTC, \u00a0qui \u00ab\u00a0d\u00e9r\u00e9gulent le transport\u00a0\u00bb, a estim\u00e9 Emmanuelle Cordier, pr\u00e9sidente de FNDT, sur <a href=\"https:\/\/rmc.bfmtv.com\/actualites\/societe\/paris-et-pau-vont-etre-bloques-greve-des-taxis-contre-les-nouveaux-tarifs-du-transport-sanitaire_AV-202505180112.html\" target=\"_blank\" rel=\"noopener\">RMC<\/a>.\u00a0<\/p>\n<p class=\" wall-content\">L\u2019objectif\u2009: contr\u00f4ler\u00a0la croissance de la d\u00e9pense de transports sanitaires, qui s\u2019est \u00e9lev\u00e9e \u00e0 6,74\u00a0milliards d\u2019euros en 2024, dont 3,07\u00a0milliards pour les taxis conventionn\u00e9s, soit +\u00a045\u2009% depuis 2019.<\/p>\n<p class=\" wall-content\">Suivez toute l\u2019actualit\u00e9 de vos villes et m\u00e9dias favoris en vous inscrivant \u00e0 <a href=\"https:\/\/moncompte.actu.fr\" title=\"D\u00e9couvez Mon Actu\" rel=\"nofollow noopener\" data-trk=\"{&quot;cta&quot;:{&quot;action&quot;:&quot;https:\\\/\\\/moncompte.actu.fr&quot;,&quot;category&quot;:&quot;mon compte&quot;,&quot;from&quot;:&quot;article footer&quot;,&quot;name&quot;:&quot;Mon actu&quot;,&quot;type&quot;:&quot;cta&quot;}}\" target=\"_blank\">Mon Actu<\/a>.<\/p>\n","protected":false},"excerpt":{"rendered":"Par R\u00e9daction Paris Publi\u00e9 le 19 mai 2025 \u00e0 6h42 \u00ab\u2009Notre col\u00e8re fera l\u2019histoire\u2009\u00bb, a-t-elle promis dans un&hellip;\n","protected":false},"author":2,"featured_media":110984,"comment_status":"","ping_status":"","sticky":false,"template":"","format":"standard","meta":{"footnotes":""},"categories":[1888],"tags":[1111,1928,11,1927,1777,674,118,1011,27,1272,12,1926,626,1925,25,731,3427],"class_list":{"0":"post-110983","1":"post","2":"type-post","3":"status-publish","4":"format-standard","5":"has-post-thumbnail","7":"category-paris","8":"tag-actu","9":"tag-actu-paris","10":"tag-actualites","11":"tag-actualites-paris","12":"tag-eu","13":"tag-europe","14":"tag-faits-divers","15":"tag-fr","16":"tag-france","17":"tag-manifestations","18":"tag-news","19":"tag-news-paris","20":"tag-paris","21":"tag-paris-news","22":"tag-republique-francaise","23":"tag-securite-sociale","24":"tag-syndicats"},"share_on_mastodon":{"url":"https:\/\/pubeurope.com\/@fr\/114532830827742441","error":""},"_links":{"self":[{"href":"https:\/\/www.europesays.com\/fr\/wp-json\/wp\/v2\/posts\/110983","targetHints":{"allow":["GET"]}}],"collection":[{"href":"https:\/\/www.europesays.com\/fr\/wp-json\/wp\/v2\/posts"}],"about":[{"href":"https:\/\/www.europesays.com\/fr\/wp-json\/wp\/v2\/types\/post"}],"author":[{"embeddable":true,"href":"https:\/\/www.europesays.com\/fr\/wp-json\/wp\/v2\/users\/2"}],"replies":[{"embeddable":true,"href":"https:\/\/www.europesays.com\/fr\/wp-json\/wp\/v2\/comments?post=110983"}],"version-history":[{"count":0,"href":"https:\/\/www.europesays.com\/fr\/wp-json\/wp\/v2\/posts\/110983\/revisions"}],"wp:featuredmedia":[{"embeddable":true,"href":"https:\/\/www.europesays.com\/fr\/wp-json\/wp\/v2\/media\/110984"}],"wp:attachment":[{"href":"https:\/\/www.europesays.com\/fr\/wp-json\/wp\/v2\/media?parent=110983"}],"wp:term":[{"taxonomy":"category","embeddable":true,"href":"https:\/\/www.europesays.com\/fr\/wp-json\/wp\/v2\/categories?post=110983"},{"taxonomy":"post_tag","embeddable":true,"href":"https:\/\/www.europesays.com\/fr\/wp-json\/wp\/v2\/tags?post=110983"}],"curies":[{"name":"wp","href":"https:\/\/api.w.org\/{rel}","templated":true}]}}