{"id":110994,"date":"2025-05-19T05:29:13","date_gmt":"2025-05-19T05:29:13","guid":{"rendered":"https:\/\/www.europesays.com\/fr\/110994\/"},"modified":"2025-05-19T05:29:13","modified_gmt":"2025-05-19T05:29:13","slug":"donald-trump-kamala-harris-et-barack-obama-reagissent-a-lannonce-de-cancer-de-joe-biden","status":"publish","type":"post","link":"https:\/\/www.europesays.com\/fr\/110994\/","title":{"rendered":"Donald Trump, Kamala Harris et Barack Obama r\u00e9agissent \u00e0 l\u2019annonce de cancer de Joe Biden"},"content":{"rendered":"<p class=\"article-p mdl\">L&rsquo;ancien pr\u00e9sident am\u00e9ricain <strong>Joe Biden a \u00e9t\u00e9 diagnostiqu\u00e9 d&rsquo;une forme \u00ab\u00a0agressive\u00a0\u00bb d&rsquo;un cancer de la prostate<\/strong>. Ses services ont annonc\u00e9 l&rsquo;information, dans la soir\u00e9e du dimanche 18 mai, pr\u00e9cisant que le d\u00e9mocrate de 82 ans pr\u00e9sentait des \u00ab\u00a0m\u00e9tastases osseuses\u00a0\u00bb.<\/p>\n<p class=\"article-p mdl\">\u00ab\u00a0Bien que cela repr\u00e9sente\u00a0<a class=\"link\" href=\"https:\/\/www.rtl.fr\/actu\/international\/etats-unis-biden-diagnostique-d-une-forme-agressive-d-un-cancer-de-la-prostate-7900506389\" title=\"\u00c9tats-Unis :  Joe Biden souffre d&#039;une forme &quot;agressive&quot; d&#039;un cancer de la prostate\" target=\"_blank\" rel=\"noopener\">une forme plus agressive de la maladie<\/a>, le cancer semble \u00eatre hormonod\u00e9pendant, ce qui permet <strong>une gestion effective\u00a0\u00bb de la maladie<\/strong>, a indiqu\u00e9 le bureau de Joe Biden dans un communiqu\u00e9 transmis \u00e0 l&rsquo;AFP.<\/p>\n<p class=\"article-p mdl\">Le pr\u00e9sident am\u00e9ricain Donald Trump a rapidement r\u00e9agi \u00e0 cette annonce. \u00ab\u00a0<strong>Melania et moi sommes attrist\u00e9s<\/strong> d&rsquo;apprendre le diagnostic m\u00e9dical r\u00e9cent de Joe Biden. Nous envoyons \u00e0 (son \u00e9pouse) Jill et \u00e0 la famille nos meilleurs voeux les plus chaleureux, et nous souhaitons \u00e0 Joe un r\u00e9tablissement rapide et r\u00e9ussi\u00a0\u00bb, a \u00e9crit le r\u00e9publicain sur sa plateforme Truth Social. Les deux hommes ont \u00e9t\u00e9\u00a0<a class=\"link\" href=\"https:\/\/www.rtl.fr\/actu\/international\/tant-de-destruction-joe-biden-tire-a-boulets-rouges-sur-donald-trump-dans-son-premier-discours-d-ex-president-7900494821\" title=\"&quot;Tant de destruction&quot; : Joe Biden tire \u00e0 boulets rouges sur Donald Trump dans son premier discours d&#039;ex-pr\u00e9sident\" target=\"_blank\" rel=\"noopener\">en concurrence durant les campagnes pr\u00e9sidentielles de 2020 et de 2024<\/a>, lors desquelles ils se sont livr\u00e9s de rudes batailles.<\/p>\n<blockquote class=\"twitter-tweet\">\n<p lang=\"en\" dir=\"ltr\">Doug and I are saddened to learn of President Biden\u2019s prostate cancer diagnosis. We are keeping him, Dr. Biden, and their entire family in our hearts and prayers during this time. Joe is a fighter \u2014 and I know he will face this challenge with the same strength, resilience, and\u2026 <a href=\"https:\/\/t.co\/gG5nB0GMPp\">pic.twitter.com\/gG5nB0GMPp<\/a><\/p>\n<p>\u2014 Kamala Harris (@KamalaHarris) <a href=\"https:\/\/twitter.com\/KamalaHarris\/status\/1924219372819673156?ref_src=twsrc%5Etfw\" target=\"_blank\" rel=\"noopener\">May 18, 2025<\/a><\/p><\/blockquote>\n<p class=\"article-p mdl\">L&rsquo;ancienne vice-pr\u00e9sidente am\u00e9ricaine <strong>Kamala Harris s&rsquo;est \u00e9galement dite \u00ab\u00a0attrist\u00e9e\u00a0\u00bb<\/strong> de l&rsquo;annonce du cancer de Joe Biden, avec qui elle a offici\u00e9 entre 2021 et 2025 \u00e0 la Maison Blanche.\u00a0<\/p>\n<p class=\"article-p mdl\">\u00ab\u00a0<strong>Joe est un battant<\/strong> &#8211; et je sais qu&rsquo;il fera face \u00e0 ce d\u00e9fi avec la m\u00eame force, r\u00e9silience, et optimisme qui ont toujours d\u00e9fini sa vie et son leadership\u00a0\u00bb, a d\u00e9clar\u00e9 sur son compte X la d\u00e9mocrate.\u00a0<a class=\"link\" href=\"https:\/\/www.rtl.fr\/actu\/international\/presidentielle-americaine-apres-son-retrait-joe-biden-annonce-soutenir-la-candidature-de-kamala-harris-7900404233\" title=\"Pr\u00e9sidentielle am\u00e9ricaine : apr\u00e8s son retrait, Joe Biden annonce soutenir la candidature de Kamala Harris\" target=\"_blank\" rel=\"noopener\">Elle avait remplac\u00e9 Joe Biden<\/a>\u00a0dans la course \u00e0 la pr\u00e9sidentielle de 2024, sur fond de questions sur l&rsquo;\u00e9tat de sant\u00e9 physique et mental du pr\u00e9sident octog\u00e9naire.<\/p>\n<p class=\"article-p mdl\">Barack Obama a \u00e9galement tenu \u00e0 adresser un message de soutien au d\u00e9mocrate.\u00a0\u00ab\u00a0Personne n&rsquo;a fait plus que Joe pour trouver des traitements d\u00e9cisifs contre le cancer sous toutes ses formes, et je suis s\u00fbr qu&rsquo;il rel\u00e8vera ce d\u00e9fi avec la d\u00e9termination et l&rsquo;\u00e9l\u00e9gance qui le caract\u00e9risent. <strong>Nous prions pour une gu\u00e9rison rapide et compl\u00e8te<\/strong>\u00ab\u00a0, a \u00e9crit sur X le locataire de la Maison Blanche de 2009 \u00e0 2017 avec Joe Biden comme vice-pr\u00e9sident.<\/p>\n<p>    La r\u00e9daction vous recommande<\/p>\n<p class=\"s-newsletter__title\">\n                L\u2019actualit\u00e9 par la r\u00e9daction de RTL dans votre bo\u00eete mail.\n            <\/p>\n<p class=\"s-newsletter__subtitle\">\n                Gr\u00e2ce \u00e0 votre compte RTL abonnez-vous \u00e0 la newsletter RTL info pour suivre toute l&rsquo;actualit\u00e9 au quotidien\n            <\/p>\n<p>\n                                    Lire la suite\n                                <\/p>\n<p>                            <script async src=\"https:\/\/platform.twitter.com\/widgets.js\" charset=\"utf-8\"><\/script><\/p>\n","protected":false},"excerpt":{"rendered":"L&rsquo;ancien pr\u00e9sident am\u00e9ricain Joe Biden a \u00e9t\u00e9 diagnostiqu\u00e9 d&rsquo;une forme \u00ab\u00a0agressive\u00a0\u00bb d&rsquo;un cancer de la prostate. Ses services&hellip;\n","protected":false},"author":2,"featured_media":110995,"comment_status":"","ping_status":"","sticky":false,"template":"","format":"standard","meta":{"footnotes":""},"categories":[1589],"tags":[11,75,73,1866,107,14,457,458,226,12,1864,1865,1863,308],"class_list":{"0":"post-110994","1":"post","2":"type-post","3":"status-publish","4":"format-standard","5":"has-post-thumbnail","7":"category-etats-unis","8":"tag-actualites","9":"tag-donald-trump","10":"tag-etats-unis","11":"tag-etats-unis-damerique","12":"tag-fil-info","13":"tag-international","14":"tag-joe-biden","15":"tag-kamala-harris","16":"tag-maladie","17":"tag-news","18":"tag-united-states","19":"tag-united-states-of-america","20":"tag-us","21":"tag-usa"},"share_on_mastodon":{"url":"https:\/\/pubeurope.com\/@fr\/114532854236543218","error":""},"_links":{"self":[{"href":"https:\/\/www.europesays.com\/fr\/wp-json\/wp\/v2\/posts\/110994","targetHints":{"allow":["GET"]}}],"collection":[{"href":"https:\/\/www.europesays.com\/fr\/wp-json\/wp\/v2\/posts"}],"about":[{"href":"https:\/\/www.europesays.com\/fr\/wp-json\/wp\/v2\/types\/post"}],"author":[{"embeddable":true,"href":"https:\/\/www.europesays.com\/fr\/wp-json\/wp\/v2\/users\/2"}],"replies":[{"embeddable":true,"href":"https:\/\/www.europesays.com\/fr\/wp-json\/wp\/v2\/comments?post=110994"}],"version-history":[{"count":0,"href":"https:\/\/www.europesays.com\/fr\/wp-json\/wp\/v2\/posts\/110994\/revisions"}],"wp:featuredmedia":[{"embeddable":true,"href":"https:\/\/www.europesays.com\/fr\/wp-json\/wp\/v2\/media\/110995"}],"wp:attachment":[{"href":"https:\/\/www.europesays.com\/fr\/wp-json\/wp\/v2\/media?parent=110994"}],"wp:term":[{"taxonomy":"category","embeddable":true,"href":"https:\/\/www.europesays.com\/fr\/wp-json\/wp\/v2\/categories?post=110994"},{"taxonomy":"post_tag","embeddable":true,"href":"https:\/\/www.europesays.com\/fr\/wp-json\/wp\/v2\/tags?post=110994"}],"curies":[{"name":"wp","href":"https:\/\/api.w.org\/{rel}","templated":true}]}}