{"id":1109999,"date":"2026-08-05T19:00:20","date_gmt":"2026-08-05T19:00:20","guid":{"rendered":"https:\/\/www.europesays.com\/fr\/1109999\/"},"modified":"2026-08-05T19:00:20","modified_gmt":"2026-08-05T19:00:20","slug":"le-breton-corentin-mezou-passe-par-le-rc-vannes-prolonge-avec-le-rc-toulon","status":"publish","type":"post","link":"https:\/\/www.europesays.com\/fr\/1109999\/","title":{"rendered":"Le Breton Corentin M\u00e9zou, pass\u00e9 par le RC Vannes, prolonge avec le RC Toulon"},"content":{"rendered":"<p>L\u2019aventure dans le Var ne s\u2019arr\u00eatera pas encore pour Corentin M\u00e9zou, un deuxi\u00e8me ligne de 21 ans, \u00e0 la carrure solide (2,05 m pour 116 kg). Arriv\u00e9 en 2023 au RC Toulon, apr\u00e8s trois ann\u00e9es pass\u00e9es au RC Vannes, le natif de Plougastel-Daoulas (Finist\u00e8re) semble s\u2019\u00e9panouir dans le Sud et le club appr\u00e9cier ses qualit\u00e9s. Ce mercredi 5 ao\u00fbt, l\u2019ancien capitaine de l\u2019\u00e9quipe de France U20, avec qui il a remport\u00e9 le Tournoi des Six Nations U20 en 2025, a prolong\u00e9 son contrat avec le RCT jusqu\u2019en 2029, annonce <a href=\"https:\/\/www.lequipe.fr\/Rugby\/Actualites\/Corentin-mezou-prolonge-a-toulon-jusqu-en-2029\/1709158\" target=\"_blank\" rel=\"nofollow noopener\">L\u2019Equipe<\/a>. La saison derni\u00e8re, il a disput\u00e9 19 matchs, dont 10 titulaires (13 de Top 14 et 6 en Champions Cup), comme un joueur pleinement int\u00e9gr\u00e9 dans la rotation.<\/p>\n<p>Le directeur sportif du club, Laurent Emmanuelli n\u2019a pas tari d\u2019\u00e9loges sur <a href=\"https:\/\/www.letelegramme.fr\/finistere\/landerneau-29800\/corentin-mezou-de-landerneau-jusqua-lequipe-de-france-u20-de-rugby-6537155.php\" target=\"_blank\" rel=\"nofollow noopener\">le joueur pass\u00e9 par l\u2019UR Landerneau (2016-2019)<\/a> et le RC Plabennnec (2019-2020). \u00a0\u00bb \u00ab Corentin est un joueur qui a \u00e9norm\u00e9ment progress\u00e9 depuis son arriv\u00e9e au club. Il a su gagner la confiance du staff gr\u00e2ce \u00e0 son travail quotidien, son humilit\u00e9 et son engagement. Nous sommes convaincus qu\u2019il a toutes les qualit\u00e9s pour devenir un joueur majeur de notre pack dans les ann\u00e9es \u00e0 venir. \u00bb Corentin M\u00e9zou retrouvera le RC Vannes, d\u2019abord au stade Mayol, le 26 septembre, lors de la 4e journ\u00e9e avant de revenir \u00e0 La Rabine, cette fois en club, lors de la 22e journ\u00e9e, le 24 avril 2027.<\/p>\n","protected":false},"excerpt":{"rendered":"L\u2019aventure dans le Var ne s\u2019arr\u00eatera pas encore pour Corentin M\u00e9zou, un deuxi\u00e8me ligne de 21 ans, \u00e0&hellip;\n","protected":false},"author":2,"featured_media":1110000,"comment_status":"","ping_status":"","sticky":false,"template":"","format":"standard","meta":{"footnotes":"","_share_on_mastodon":"0"},"categories":[9619],"tags":[1111,11,3166,1777,674,1011,27,12,45923,882,3164,25,479,60,2310],"class_list":["post-1109999","post","type-post","status-publish","format-standard","has-post-thumbnail","category-toulon","tag-actu","tag-actualites","tag-en-continu-sports","tag-eu","tag-europe","tag-fr","tag-france","tag-news","tag-plougastel-daoulas","tag-provence-alpes-cote-dazur","tag-rc-vannes","tag-republique-francaise","tag-rugby","tag-sports","tag-toulon"],"share_on_mastodon":{"url":"https:\/\/pubeurope.com\/@fr\/117044447057508527","error":""},"_links":{"self":[{"href":"https:\/\/www.europesays.com\/fr\/wp-json\/wp\/v2\/posts\/1109999","targetHints":{"allow":["GET"]}}],"collection":[{"href":"https:\/\/www.europesays.com\/fr\/wp-json\/wp\/v2\/posts"}],"about":[{"href":"https:\/\/www.europesays.com\/fr\/wp-json\/wp\/v2\/types\/post"}],"author":[{"embeddable":true,"href":"https:\/\/www.europesays.com\/fr\/wp-json\/wp\/v2\/users\/2"}],"replies":[{"embeddable":true,"href":"https:\/\/www.europesays.com\/fr\/wp-json\/wp\/v2\/comments?post=1109999"}],"version-history":[{"count":0,"href":"https:\/\/www.europesays.com\/fr\/wp-json\/wp\/v2\/posts\/1109999\/revisions"}],"wp:featuredmedia":[{"embeddable":true,"href":"https:\/\/www.europesays.com\/fr\/wp-json\/wp\/v2\/media\/1110000"}],"wp:attachment":[{"href":"https:\/\/www.europesays.com\/fr\/wp-json\/wp\/v2\/media?parent=1109999"}],"wp:term":[{"taxonomy":"category","embeddable":true,"href":"https:\/\/www.europesays.com\/fr\/wp-json\/wp\/v2\/categories?post=1109999"},{"taxonomy":"post_tag","embeddable":true,"href":"https:\/\/www.europesays.com\/fr\/wp-json\/wp\/v2\/tags?post=1109999"}],"curies":[{"name":"wp","href":"https:\/\/api.w.org\/{rel}","templated":true}]}}