{"id":111000,"date":"2025-05-19T05:32:09","date_gmt":"2025-05-19T05:32:09","guid":{"rendered":"https:\/\/www.europesays.com\/fr\/111000\/"},"modified":"2025-05-19T05:32:09","modified_gmt":"2025-05-19T05:32:09","slug":"nous-sommes-en-position-de-decrochage-avance-dans-le-spatial-en-europe","status":"publish","type":"post","link":"https:\/\/www.europesays.com\/fr\/111000\/","title":{"rendered":"\u00ab Nous sommes en position de d\u00e9crochage avanc\u00e9 dans le spatial en Europe \u00bb"},"content":{"rendered":"<p>Clairement, Philippe Baptiste dit tr\u00e8s souvent tout haut ce que pense tout bas la plupart des grands responsables du spatial. Devenu ministre de l&rsquo;Enseignement sup\u00e9rieur et de la Recherche, il n&rsquo;a pas du tout chang\u00e9 de fusil d&rsquo;\u00e9paule, \u00e0 l&rsquo;image de <a href=\"https:\/\/www.latribune.fr\/entreprises-finance\/industrie\/aeronautique-defense\/cooperations-spatiales-avec-les-etats-unis-il-y-a-de-quoi-s-inquieter-philippe-baptiste-1019616.html\" target=\"_blank\" rel=\"noopener\">son interview accord\u00e9e d\u00e9but mars \u00e0 La Tribune<\/a>. Auditionn\u00e9 la semaine derni\u00e8re au S\u00e9nat, il n&rsquo;a pas fait non plus dans la langue de bois en expliquant cruellement que l&rsquo;Europe ne jouait pas dans le m\u00eame championnat sur le plan financier que les Etats-Unis dans le domaine spatial.<\/p>\n","protected":false},"excerpt":{"rendered":"Clairement, Philippe Baptiste dit tr\u00e8s souvent tout haut ce que pense tout bas la plupart des grands responsables&hellip;\n","protected":false},"author":2,"featured_media":111001,"comment_status":"","ping_status":"","sticky":false,"template":"","format":"standard","meta":{"footnotes":""},"categories":[1586],"tags":[17,11,17298,22972,22973,645,1777,674,1011,27,12,3946,6284,17180,25,17247],"class_list":{"0":"post-111000","1":"post","2":"type-post","3":"status-publish","4":"format-standard","5":"has-post-thumbnail","7":"category-europe","8":"tag-17","9":"tag-actualites","10":"tag-avance","11":"tag-baptiste","12":"tag-decrochage","13":"tag-entreprises-finance","14":"tag-eu","15":"tag-europe","16":"tag-fr","17":"tag-france","18":"tag-news","19":"tag-nous","20":"tag-philippe","21":"tag-position","22":"tag-republique-francaise","23":"tag-sommes"},"share_on_mastodon":{"url":"https:\/\/pubeurope.com\/@fr\/114532866040999398","error":""},"_links":{"self":[{"href":"https:\/\/www.europesays.com\/fr\/wp-json\/wp\/v2\/posts\/111000","targetHints":{"allow":["GET"]}}],"collection":[{"href":"https:\/\/www.europesays.com\/fr\/wp-json\/wp\/v2\/posts"}],"about":[{"href":"https:\/\/www.europesays.com\/fr\/wp-json\/wp\/v2\/types\/post"}],"author":[{"embeddable":true,"href":"https:\/\/www.europesays.com\/fr\/wp-json\/wp\/v2\/users\/2"}],"replies":[{"embeddable":true,"href":"https:\/\/www.europesays.com\/fr\/wp-json\/wp\/v2\/comments?post=111000"}],"version-history":[{"count":0,"href":"https:\/\/www.europesays.com\/fr\/wp-json\/wp\/v2\/posts\/111000\/revisions"}],"wp:featuredmedia":[{"embeddable":true,"href":"https:\/\/www.europesays.com\/fr\/wp-json\/wp\/v2\/media\/111001"}],"wp:attachment":[{"href":"https:\/\/www.europesays.com\/fr\/wp-json\/wp\/v2\/media?parent=111000"}],"wp:term":[{"taxonomy":"category","embeddable":true,"href":"https:\/\/www.europesays.com\/fr\/wp-json\/wp\/v2\/categories?post=111000"},{"taxonomy":"post_tag","embeddable":true,"href":"https:\/\/www.europesays.com\/fr\/wp-json\/wp\/v2\/tags?post=111000"}],"curies":[{"name":"wp","href":"https:\/\/api.w.org\/{rel}","templated":true}]}}