{"id":111006,"date":"2025-05-19T05:35:14","date_gmt":"2025-05-19T05:35:14","guid":{"rendered":"https:\/\/www.europesays.com\/fr\/111006\/"},"modified":"2025-05-19T05:35:14","modified_gmt":"2025-05-19T05:35:14","slug":"pour-moi-cest-choquant-thiago-silva-fustige-rabiot-apres-sa-signature-a-marseille","status":"publish","type":"post","link":"https:\/\/www.europesays.com\/fr\/111006\/","title":{"rendered":"\u00abPour moi, c\u2019est choquant\u00bb, Thiago Silva fustige Rabiot apr\u00e8s sa signature \u00e0 Marseille"},"content":{"rendered":"<p>Dans une interview publi\u00e9e ce dimanche par le m\u00e9dia Carr\u00e9, Thiago Silva est revenu sur la signature d\u2019Adrien Rabiot \u00e0 l\u2019Olympique de Marseille.<\/p>\n<p class=\"fig-paragraph\">Un go\u00fbt amer.\u00a0<a href=\"http:\/\/www.lefigaro.fr\/sports\/football\/ligue-des-champions\/psg-arsenal-le-message-plein-de-classe-de-thiago-silva-20250508\" data-fig-type=\"NewsFlash\" data-gtm-custom-categorie=\"navigation\" data-gtm-custom-action=\"crossclick\" data-gtm-custom-label=\"Contextuel\" data-gtm-event=\"customEventSPE\" data-fig-domain=\"LEFIGARO\" rel=\"nofollow noopener\" target=\"_blank\">Thiago Silva<\/a>, dans une interview publi\u00e9e ce dimanche par le m\u00e9dia Carr\u00e9, a critiqu\u00e9 la signature \u00e0 l\u2019Olympique de Marseille de son ancien co\u00e9quipier au Paris Saint-Germain, Adrien Rabiot.<\/p>\n<p class=\"fig-paragraph\">\u00abIl aurait pu \u00eatre mieux avec nous mais il a pris la d\u00e9cision de partir\u00a0\u00bb, a \u00e9voqu\u00e9 Silva au m\u00e9dia \u00ab\u00a0Carr\u00e9\u00a0\u00bb. \u00ab\u00a0Il n\u2019est pas tr\u00e8s bien sorti du club, c\u2019\u00e9tait son club formateur. Et apr\u00e8s, il revient en France pour jouer avec le plus grand rival du PSG&#8230; C\u2019est un choix personnel qui est propre \u00e0 chacun\u00bb, constate l\u2019ancien capitaine du PSG,\u00a0<a href=\"https:\/\/www.lefigaro.fr\/sports\/football\/transferts\/actualites\/leonardo-confirme-les-departs-de-cavani-et-thiago-silva-et-confirme-tuchel-1004573\" data-fig-type=\"Article\" data-gtm-custom-categorie=\"navigation\" data-gtm-custom-action=\"crossclick\" data-gtm-custom-label=\"Contextuel\" data-gtm-event=\"customEventSPE\" data-fig-domain=\"LEFIGARO\" rel=\"nofollow noopener\" target=\"_blank\">parti du club en 2020<\/a>.<\/p>\n<p class=\"fig-paragraph\">Apr\u00e8s sept saisons sous les couleurs parisiennes, toutes aux c\u00f4t\u00e9s de Thiago Silva,\u00a0<a href=\"http:\/\/www.lefigaro.fr\/sports\/football\/ligue-1\/mercato-adrien-rabiot-a-l-om-c-est-officiel-20240917\" data-fig-type=\"NewsFlash\" data-gtm-custom-categorie=\"navigation\" data-gtm-custom-action=\"crossclick\" data-gtm-custom-label=\"Contextuel\" data-gtm-event=\"customEventSPE\" data-fig-domain=\"LEFIGARO\" rel=\"nofollow noopener\" target=\"_blank\">Adrien Rabiot a sign\u00e9 \u00e0 l\u2019Olympique de Marseille \u00e0 l\u2019\u00e9t\u00e9 2024<\/a>. \u00abMais \u00e7a me touche beaucoup de voir Adrien Rabiot, un petit du PSG, avec le maillot de Marseille. Je n\u2019ai rien contre Marseille\u00a0! Mais \u00e0 l\u2019inverse, un joueur de Marseille ne signera pas au PSG, 80% ne vont pas l\u2019accepter\u00bb, continue l\u2019actuel joueur de Fluminense.<\/p>\n<p class=\"fig-paragraph\">\u00abC\u2019est un tr\u00e8s bon joueur. Pour nous, c\u2019\u00e9tait magnifique. Un ou deux ans apr\u00e8s, Matuidi est parti. Je sais qu\u2019avec sa qualit\u00e9, il aurait pu faire beaucoup sous le maillot du Paris Saint-Germain. Et maintenant il part avec Marseille&#8230; Pour moi, c\u2019est choquant\u00bb, conclut le septuple champion de France avec le club de la capitale.<\/p>\n<p class=\"fig-paragraph\">Adrien Rabiot est li\u00e9 avec le club phoc\u00e9en jusqu\u2019en juin 2026. Il disputera la Ligue des champions la saison prochaine avec l\u2019OM,\u00a0<a href=\"http:\/\/www.lefigaro.fr\/sports\/football\/ligue-1\/ligue-1-nice-en-ligue-des-champions-lyon-qualifie-in-extremis-strasbourg-peut-s-en-mordre-les-doigts-20250517\" data-fig-type=\"NewsFlash\" data-gtm-custom-categorie=\"navigation\" data-gtm-custom-action=\"crossclick\" data-gtm-custom-label=\"Contextuel\" data-gtm-event=\"customEventSPE\" data-fig-domain=\"LEFIGARO\" rel=\"nofollow noopener\" target=\"_blank\">apr\u00e8s avoir fini \u00e0 la deuxi\u00e8me position en Ligue 1<\/a>.<\/p><\/p>\n","protected":false},"excerpt":{"rendered":"Dans une interview publi\u00e9e ce dimanche par le m\u00e9dia Carr\u00e9, Thiago Silva est revenu sur la signature d\u2019Adrien&hellip;\n","protected":false},"author":2,"featured_media":111007,"comment_status":"","ping_status":"","sticky":false,"template":"","format":"standard","meta":{"footnotes":""},"categories":[2],"tags":[11,2329,454,69,448,83,451,64,450,449,1011,27,452,453,66,446,447,12,70,93,25,22974,455],"class_list":{"0":"post-111006","1":"post","2":"type-post","3":"status-publish","4":"format-standard","5":"has-post-thumbnail","7":"category-actualites","8":"tag-actualites","9":"tag-adrien-rabiot","10":"tag-ballon-dor","11":"tag-bundesliga","12":"tag-champions-league","13":"tag-coupe-de-france","14":"tag-coupe-du-monde","15":"tag-equipe-de-france","16":"tag-euro","17":"tag-europa-league","18":"tag-fr","19":"tag-france","20":"tag-italie","21":"tag-liga","22":"tag-ligue-1","23":"tag-ligue-2","24":"tag-ligue-des-champions","25":"tag-news","26":"tag-premier-league","27":"tag-psg","28":"tag-republique-francaise","29":"tag-thiago-silva","30":"tag-uefa"},"share_on_mastodon":{"url":"https:\/\/pubeurope.com\/@fr\/114532877968031090","error":""},"_links":{"self":[{"href":"https:\/\/www.europesays.com\/fr\/wp-json\/wp\/v2\/posts\/111006","targetHints":{"allow":["GET"]}}],"collection":[{"href":"https:\/\/www.europesays.com\/fr\/wp-json\/wp\/v2\/posts"}],"about":[{"href":"https:\/\/www.europesays.com\/fr\/wp-json\/wp\/v2\/types\/post"}],"author":[{"embeddable":true,"href":"https:\/\/www.europesays.com\/fr\/wp-json\/wp\/v2\/users\/2"}],"replies":[{"embeddable":true,"href":"https:\/\/www.europesays.com\/fr\/wp-json\/wp\/v2\/comments?post=111006"}],"version-history":[{"count":0,"href":"https:\/\/www.europesays.com\/fr\/wp-json\/wp\/v2\/posts\/111006\/revisions"}],"wp:featuredmedia":[{"embeddable":true,"href":"https:\/\/www.europesays.com\/fr\/wp-json\/wp\/v2\/media\/111007"}],"wp:attachment":[{"href":"https:\/\/www.europesays.com\/fr\/wp-json\/wp\/v2\/media?parent=111006"}],"wp:term":[{"taxonomy":"category","embeddable":true,"href":"https:\/\/www.europesays.com\/fr\/wp-json\/wp\/v2\/categories?post=111006"},{"taxonomy":"post_tag","embeddable":true,"href":"https:\/\/www.europesays.com\/fr\/wp-json\/wp\/v2\/tags?post=111006"}],"curies":[{"name":"wp","href":"https:\/\/api.w.org\/{rel}","templated":true}]}}