{"id":111008,"date":"2025-05-19T05:36:13","date_gmt":"2025-05-19T05:36:13","guid":{"rendered":"https:\/\/www.europesays.com\/fr\/111008\/"},"modified":"2025-05-19T05:36:13","modified_gmt":"2025-05-19T05:36:13","slug":"records-au-sommet-choose-france-appel-entre-trump-et-poutine-presidentielle-en-roumanie-lactu-de-ce-lundi-19-mai-au-matin-liberation","status":"publish","type":"post","link":"https:\/\/www.europesays.com\/fr\/111008\/","title":{"rendered":"Records au sommet Choose France, appel entre Trump et Poutine, pr\u00e9sidentielle en Roumanie\u2026 L\u2019actu de ce lundi 19\u00a0mai au matin \u2013 Lib\u00e9ration"},"content":{"rendered":"<p class=\"sc-ksZaOG ehjQrN text-element\">Chaque matin, la r\u00e9daction de Lib\u00e9 s\u00e9lectionne les actualit\u00e9s incontournables en France, dans le reste du monde et celles \u00e0 suivre au cours de la journ\u00e9e.<\/p>\n<p class=\"sc-ksZaOG ehjQrN text-element\">A l\u2019appel de l\u2019intersyndicale des f\u00e9d\u00e9rations professionnelles, les taxis sont appel\u00e9s \u00e0 manifester ce lundi matin \u00e0 travers la France. Ils protestent contre un projet de nouvelle tarification impos\u00e9e par l\u2019Assurance maladie sur les transports de malades aux chauffeurs conventionn\u00e9s, et d\u00e9noncent \u00abl\u2018impunit\u00e9 dont b\u00e9n\u00e9ficient les <a href=\"https:\/\/www.liberation.fr\/societe\/manifestation-de-chauffeurs-vtc-soumis-a-la-precarite-jai-fini-par-dormir-sur-un-matelas-dans-ma-voiture-20250430_UJH2LONCBZCGHMODIZSO3AZEFE\/\" target=\"_blank\" rel=\"noreferrer nofollow noopener\" title=\"https:\/\/www.liberation.fr\/societe\/manifestation-de-chauffeurs-vtc-soumis-a-la-precarite-jai-fini-par-dormir-sur-un-matelas-dans-ma-voiture-20250430_UJH2LONCBZCGHMODIZSO3AZEFE\/\">plateformes num\u00e9riques de VTC<\/a>\u00bb, indique la F\u00e9d\u00e9ration nationale du taxi (FNDT) dans un communiqu\u00e9. Des mobilisations sont pr\u00e9vues \u00abun petit peu partout\u00bb sur le territoire, notamment \u00e0 Paris et \u00e0 Pau, selon le secr\u00e9taire f\u00e9d\u00e9ral de la FNDT, Dominique Buisson.<\/p>\n<p class=\"sc-ksZaOG ehjQrN text-element\">Les \u00e9lecteurs ont choisi de maintenir le cap europ\u00e9en et le soutien \u00e0 Kyiv en propulsant <a href=\"https:\/\/www.liberation.fr\/international\/europe\/presidentielle-en-roumanie-le-candidat-pro-europeen-devance-son-rival-dextreme-droite-20250518_OJGADUGL7JAI3D5HM5N7FZ3SJ4\/\" target=\"_blank\" rel=\"noreferrer nofollow noopener\" title=\"https:\/\/www.liberation.fr\/international\/europe\/presidentielle-en-roumanie-le-candidat-pro-europeen-devance-son-rival-dextreme-droite-20250518_OJGADUGL7JAI3D5HM5N7FZ3SJ4\/\">\u00e0 la premi\u00e8re place<\/a> le maire centriste de Bucarest, Nicusor Dan, 55\u00a0ans, face au candidat d\u2019extr\u00eame droite et <a href=\"https:\/\/www.liberation.fr\/international\/europe\/roumanie-seduite-par-lextreme-droite-la-diaspora-pourrait-faire-basculer-la-presidentielle-20250516_JTW5JFQRMNBNPAB2QA2M7VK67E\/\" target=\"_blank\" rel=\"nofollow noopener\" title=\"https:\/\/www.liberation.fr\/international\/europe\/roumanie-seduite-par-lextreme-droite-la-diaspora-pourrait-faire-basculer-la-presidentielle-20250516_JTW5JFQRMNBNPAB2QA2M7VK67E\/\">fervent admirateur de Donald Trump, George Simion<\/a>, 38\u00a0ans. Alors que peu auraient pari\u00e9 sur lui il y a deux semaines, Nicusor Dan, 55\u00a0ans, a recueilli pr\u00e8s de 54\u00a0% des suffrages, apr\u00e8s d\u00e9pouillement de la quasi-totalit\u00e9 des bulletins, un r\u00e9sultat accueilli dans la liesse \u00e0 son quartier g\u00e9n\u00e9ral.<\/p>\n<p class=\"sc-ksZaOG ehjQrN text-element\">Une victoire en demi-teinte pour le Premier ministre sortant. D\u2019apr\u00e8s des r\u00e9sultats officiels quasi complets, le camp de Luis Montenegro <a href=\"https:\/\/www.liberation.fr\/international\/europe\/portugal-la-coalition-de-droite-sortante-remporte-les-elections-legislatives-20250518_PQZXJVILVNFQZFRHTIMK3FQYZY\/\" target=\"_blank\" rel=\"noreferrer nofollow noopener\" title=\"https:\/\/www.liberation.fr\/international\/europe\/portugal-la-coalition-de-droite-sortante-remporte-les-elections-legislatives-20250518_PQZXJVILVNFQZFRHTIMK3FQYZY\/\">a obtenu entre 32,7\u00a0% des suffrages<\/a>, contre 23,4\u00a0% pour le Parti socialiste et 22,6\u00a0% pour le parti d\u2019extr\u00eame droite Chega (\u00abAssez\u00bb). En termes de si\u00e8ges, la coalition sortante remporte 89 si\u00e8ges sur un total de 230, ce qui reste en dessous du seuil de 116 \u00e9lus synonyme de majorit\u00e9 absolue, et devra trouver des partenaires au sein du Parlement pour pouvoir gouverner.<\/p>\n<p class=\"sc-ksZaOG ehjQrN text-element\"><b>Un appel entre Trump et Poutine pour parler de l\u2019Ukraine<\/b><\/p>\n<p class=\"sc-ksZaOG ehjQrN text-element\">Donald Trump et Vladimir Poutine <a href=\"https:\/\/www.liberation.fr\/international\/europe\/ukraine-macron-se-dit-sur-que-trump-va-reagir-face-au-cynisme-de-poutine-20250517_74S63BTIIVHCXKGNXJS6XY2ZRY\/\" target=\"_blank\" rel=\"noreferrer nofollow noopener\" title=\"https:\/\/www.liberation.fr\/international\/europe\/ukraine-macron-se-dit-sur-que-trump-va-reagir-face-au-cynisme-de-poutine-20250517_74S63BTIIVHCXKGNXJS6XY2ZRY\/\">doivent s\u2019entretenir au t\u00e9l\u00e9phone<\/a> ce lundi avec l\u2019objectif de \u00abmettre fin au bain de sang\u00bb en Ukraine, selon les mots du pr\u00e9sident am\u00e9ricain, apr\u00e8s des pourparlers infructueux entre Kyiv et Moscou. Le pr\u00e9sident am\u00e9ricain a dit esp\u00e9rer qu\u2019\u00abun cessez-le-feu aura lieu\u00bb et \u00abque cette guerre tr\u00e8s violente &#8211; une guerre qui n\u2019aurait jamais d\u00fb se produire &#8211; prenne fin\u00bb, d\u2019apr\u00e8s un message publi\u00e9 sur sa plateforme Truth Social.<\/p>\n<p class=\"sc-ksZaOG ehjQrN text-element\"><b>Plus de 200 patrons attendus \u00e0 la huiti\u00e8me \u00e9dition du sommet Choose France<\/b><\/p>\n<p class=\"sc-ksZaOG ehjQrN text-element\">Plus de 200 \u00abCEO\u00bb (patrons) des cinq continents sont attendus au ch\u00e2teau de Versailles sur le th\u00e8me \u00abFrance, terre de cr\u00e9ativit\u00e9\u00bb, pour rencontrer les membres du gouvernement fran\u00e7ais et le pr\u00e9sident Emmanuel Macron et discuter de futurs investissements en France ou en annoncer. <a href=\"https:\/\/www.liberation.fr\/economie\/choose-france-la-promesse-annoncee-dun-record-dinvestissements-20250519_K5UGJ4HVFVHQRCD6Q3CA2RUFAA\/\" target=\"_blank\" rel=\"noreferrer nofollow noopener\" title=\"https:\/\/www.liberation.fr\/economie\/choose-france-la-promesse-annoncee-dun-record-dinvestissements-20250519_K5UGJ4HVFVHQRCD6Q3CA2RUFAA\/\">Un nouveau record va \u00eatre battu<\/a> cette ann\u00e9e avec 20\u00a0milliards d\u2019euros de projets nouveaux annonc\u00e9s, et 17\u00a0milliards d\u2019euros de projets concr\u00e9tisant des engagements en mati\u00e8re d\u2019intelligence artificielle (IA) pris en f\u00e9vrier.<\/p>\n","protected":false},"excerpt":{"rendered":"Chaque matin, la r\u00e9daction de Lib\u00e9 s\u00e9lectionne les actualit\u00e9s incontournables en France, dans le reste du monde et&hellip;\n","protected":false},"author":2,"featured_media":111009,"comment_status":"","ping_status":"","sticky":false,"template":"","format":"standard","meta":{"footnotes":""},"categories":[4],"tags":[11,1011,27,12,4702,25],"class_list":{"0":"post-111008","1":"post","2":"type-post","3":"status-publish","4":"format-standard","5":"has-post-thumbnail","7":"category-france","8":"tag-actualites","9":"tag-fr","10":"tag-france","11":"tag-news","12":"tag-recap-actu","13":"tag-republique-francaise"},"share_on_mastodon":{"url":"https:\/\/pubeurope.com\/@fr\/114532881714451168","error":""},"_links":{"self":[{"href":"https:\/\/www.europesays.com\/fr\/wp-json\/wp\/v2\/posts\/111008","targetHints":{"allow":["GET"]}}],"collection":[{"href":"https:\/\/www.europesays.com\/fr\/wp-json\/wp\/v2\/posts"}],"about":[{"href":"https:\/\/www.europesays.com\/fr\/wp-json\/wp\/v2\/types\/post"}],"author":[{"embeddable":true,"href":"https:\/\/www.europesays.com\/fr\/wp-json\/wp\/v2\/users\/2"}],"replies":[{"embeddable":true,"href":"https:\/\/www.europesays.com\/fr\/wp-json\/wp\/v2\/comments?post=111008"}],"version-history":[{"count":0,"href":"https:\/\/www.europesays.com\/fr\/wp-json\/wp\/v2\/posts\/111008\/revisions"}],"wp:featuredmedia":[{"embeddable":true,"href":"https:\/\/www.europesays.com\/fr\/wp-json\/wp\/v2\/media\/111009"}],"wp:attachment":[{"href":"https:\/\/www.europesays.com\/fr\/wp-json\/wp\/v2\/media?parent=111008"}],"wp:term":[{"taxonomy":"category","embeddable":true,"href":"https:\/\/www.europesays.com\/fr\/wp-json\/wp\/v2\/categories?post=111008"},{"taxonomy":"post_tag","embeddable":true,"href":"https:\/\/www.europesays.com\/fr\/wp-json\/wp\/v2\/tags?post=111008"}],"curies":[{"name":"wp","href":"https:\/\/api.w.org\/{rel}","templated":true}]}}