{"id":111010,"date":"2025-05-19T05:39:09","date_gmt":"2025-05-19T05:39:09","guid":{"rendered":"https:\/\/www.europesays.com\/fr\/111010\/"},"modified":"2025-05-19T05:39:09","modified_gmt":"2025-05-19T05:39:09","slug":"les-resultats-des-quarts-de-finale-aller-et-le-programme-de-la-phase-finale","status":"publish","type":"post","link":"https:\/\/www.europesays.com\/fr\/111010\/","title":{"rendered":"Les r\u00e9sultats des quarts de finale aller et le programme de la phase finale"},"content":{"rendered":"<p>            Par<br \/>\n        <strong><br \/>\n            <a href=\"https:\/\/actu.fr\/auteur\/lucas-bertolotto\" title=\"Consulter tous les articles de Lucas Bertolotto\" target=\"_blank\" rel=\"noopener\">Lucas Bertolotto<\/a><br \/>\n        <\/strong><\/p>\n<p>        Publi\u00e9 le<\/p>\n<p>            18 mai 2025 \u00e0 17h17        <\/p>\n<p>Comme les 8es\u00a0de finale du championnat de <strong>F\u00e9d\u00e9rale 1<\/strong>, les <strong>quarts de finale<\/strong> se disputent sur des matchs aller-retour. La phase aller se jouait ce dimanche 18 mai. D\u00e9couvrez donc sur <a href=\"https:\/\/actu.fr\/rugby\/\" target=\"_blank\" rel=\"noopener\">Actu Rugby<\/a> les r\u00e9sultats de ces premi\u00e8res rencontres des quarts de finale de F\u00e9d\u00e9rale 1 et la <strong>suite du programme de la phase finale<\/strong>.\u00a0<\/p>\n<p>F\u00e9d\u00e9rale 1 : les r\u00e9sultats des quarts de finale aller<\/p>\n<ul class=\" wall-content\">\n<li>QF1 Bagn\u00e8res-de-Bigorre \u2013 Drancy\/Saint-Denis : 37-22<\/li>\n<li>QF2 Saint-Sulpice-sur-L\u00e8ze \u2013 L\u2019Isle-Jourdain : 17-15<\/li>\n<li>QF3 Gaillac \u2013 La Seyne-sur-Mer : 19-12<\/li>\n<li>QF4 Peyrehorade \u2013 Tyrosse : 6-37<\/li>\n<\/ul>\n<p class=\" wall-content\">Les matchs-retour des quarts de finale du championnat de F\u00e9d\u00e9rale 1 se joueront le dimanche 25 mai sur le terrain du club qui a \u00e9t\u00e9 le mieux class\u00e9 dans sa poule lors de la saison r\u00e9guli\u00e8re.\u00a0<\/p>\n<p>F\u00e9d\u00e9rale 1 : le programme de la phase finale\u00a0<\/p>\n<p class=\" wall-content\">Les clubs qui r\u00e9ussiront \u00e0 se hisser dans le dernier carr\u00e9 seront promus en Nationale 2, sous r\u00e9serve de validation par la FFR. Les demi-finales se d\u00e9rouleront le 8 juin sur une seule rencontre en terrain neutre qui reste \u00e0 d\u00e9terminer.\u00a0<\/p>\n<p class=\" wall-content\">On sera fix\u00e9 le 15 juin prochain pour conna\u00eetre le champion de France 2025 de F\u00e9d\u00e9rale 1\u00a0 lors de la finale du championnat.\u00a0<\/p>\n<p class=\" wall-content\">Suivez toute l\u2019actualit\u00e9 de vos villes et m\u00e9dias favoris en vous inscrivant \u00e0 <a href=\"https:\/\/moncompte.actu.fr\" title=\"D\u00e9couvez Mon Actu\" rel=\"nofollow noopener\" data-trk=\"{&quot;cta&quot;:{&quot;action&quot;:&quot;https:\\\/\\\/moncompte.actu.fr&quot;,&quot;category&quot;:&quot;mon compte&quot;,&quot;from&quot;:&quot;article footer&quot;,&quot;name&quot;:&quot;Mon actu&quot;,&quot;type&quot;:&quot;cta&quot;}}\" target=\"_blank\">Mon Actu<\/a>.<\/p>\n","protected":false},"excerpt":{"rendered":"Par Lucas Bertolotto Publi\u00e9 le 18 mai 2025 \u00e0 17h17 Comme les 8es\u00a0de finale du championnat de F\u00e9d\u00e9rale&hellip;\n","protected":false},"author":2,"featured_media":111011,"comment_status":"","ping_status":"","sticky":false,"template":"","format":"standard","meta":{"footnotes":""},"categories":[1416],"tags":[5592,4127,1011,27,479,4126,1468,60],"class_list":{"0":"post-111010","1":"post","2":"type-post","3":"status-publish","4":"format-standard","5":"has-post-thumbnail","7":"category-rugby","8":"tag-amateurs","9":"tag-federale","10":"tag-fr","11":"tag-france","12":"tag-rugby","13":"tag-rugby-amateur","14":"tag-rugby-football","15":"tag-sports"},"share_on_mastodon":{"url":"https:\/\/pubeurope.com\/@fr\/114532893582345902","error":""},"_links":{"self":[{"href":"https:\/\/www.europesays.com\/fr\/wp-json\/wp\/v2\/posts\/111010","targetHints":{"allow":["GET"]}}],"collection":[{"href":"https:\/\/www.europesays.com\/fr\/wp-json\/wp\/v2\/posts"}],"about":[{"href":"https:\/\/www.europesays.com\/fr\/wp-json\/wp\/v2\/types\/post"}],"author":[{"embeddable":true,"href":"https:\/\/www.europesays.com\/fr\/wp-json\/wp\/v2\/users\/2"}],"replies":[{"embeddable":true,"href":"https:\/\/www.europesays.com\/fr\/wp-json\/wp\/v2\/comments?post=111010"}],"version-history":[{"count":0,"href":"https:\/\/www.europesays.com\/fr\/wp-json\/wp\/v2\/posts\/111010\/revisions"}],"wp:featuredmedia":[{"embeddable":true,"href":"https:\/\/www.europesays.com\/fr\/wp-json\/wp\/v2\/media\/111011"}],"wp:attachment":[{"href":"https:\/\/www.europesays.com\/fr\/wp-json\/wp\/v2\/media?parent=111010"}],"wp:term":[{"taxonomy":"category","embeddable":true,"href":"https:\/\/www.europesays.com\/fr\/wp-json\/wp\/v2\/categories?post=111010"},{"taxonomy":"post_tag","embeddable":true,"href":"https:\/\/www.europesays.com\/fr\/wp-json\/wp\/v2\/tags?post=111010"}],"curies":[{"name":"wp","href":"https:\/\/api.w.org\/{rel}","templated":true}]}}