{"id":1110122,"date":"2026-08-05T20:12:14","date_gmt":"2026-08-05T20:12:14","guid":{"rendered":"https:\/\/www.europesays.com\/fr\/1110122\/"},"modified":"2026-08-05T20:12:14","modified_gmt":"2026-08-05T20:12:14","slug":"entre-espoirs-et-incertitudes-quel-visage-presentera-montpellier-a-la-reprise-de-la-ligue-2","status":"publish","type":"post","link":"https:\/\/www.europesays.com\/fr\/1110122\/","title":{"rendered":"Entre espoirs et incertitudes, quel visage pr\u00e9sentera Montpellier \u00e0 la reprise de la Ligue 2\u00a0?"},"content":{"rendered":"<p>                    Par<br \/>\n        <strong><br \/>\n            <a href=\"https:\/\/actu.fr\/auteur\/c-nithard\" title=\"Consulter tous les articles de C\u00e9dric Nithard\" rel=\"nofollow noopener\" target=\"_blank\">C\u00e9dric Nithard<\/a><br \/>\n                    <\/strong><\/p>\n<p>        Publi\u00e9 le<\/p>\n<p>            5 ao\u00fbt 2026 \u00e0 20h37        <\/p>\n<p>Ce samedi 8 ao\u00fbt \u00e0 20h45, <strong>le MHSC<\/strong> retrouve <strong>la Ligue 2<\/strong> avec la r\u00e9ception de Dijon <strong>au stade de la Mosson<\/strong>. Apr\u00e8s la vente du club annul\u00e9e, <strong>la famille Nicollin<\/strong> op\u00e8re \u00e0 une forme de reprise en main laissant appara\u00eetre <strong>de nouveaux espoirs<\/strong> m\u00eal\u00e9s \u00e0 autant d\u2019<strong>incertitudes<\/strong>. \u00c0 l\u2019instar d\u2019un effectif renouvel\u00e9 et rajeuni qui \u00e9voluera dans un championnat n\u2019ayant jamais sembl\u00e9 aussi relev\u00e9.\u00a0<\/p>\n<p>La passion retrouv\u00e9e<\/p>\n<p class=\" wall-content\"><a href=\"https:\/\/actu.fr\/occitanie\/montpellier_34172\/la-famille-nicollin-poursuit-son-engagement-avec-le-mhsc_64473613.html\" rel=\"nofollow noopener\" target=\"_blank\">Il y a un mois Olivier et Laurent Nicollin ont act\u00e9 la fin des discussions avec le groupement d\u2019investisseurs GSS<\/a> et confirm\u00e9 qu\u2019ils restaient, pour l\u2019heure, seuls ma\u00eetres du destin du MHSC. Le deuil du nouveau stade pass\u00e9 en attendant la r\u00e9novation du stade de la Mosson par la M\u00e9tropole de Montpellier et la passion retrouv\u00e9e apr\u00e8s quelques ann\u00e9es de gal\u00e8re ne font toutefois pas dispara\u00eetre les difficult\u00e9s \u00e9conomiques et la volont\u00e9 d\u2019attirer des partenaires financiers de la r\u00e9gion.\u00a0<\/p>\n<p>    <a href=\"https:\/\/www.google.com\/maps\/embed?pb=!1m18!1m12!1m3!1d2591.151640091451!2d3.8094877756228116!3d43.62214725443951!2m3!1f0!2f0!3f0!3m2!1i1024!2i768!4f13.1!3m3!1m2!1s0x12b6ac3a9829522b%3A0x99e056199e3d006b!2sStade%20de%20la%20Mosson!5e1!3m2!1sfr!2sfr!4v1785953847048!5m2!1sfr!2sfr\" title=\"Ouvrie le lien\" rel=\"nofollow noopener\" target=\"_blank\">Cliquez ici pour visualiser le contenu<\/a><\/p>\n<p class=\" wall-content\">Contraint depuis plusieurs ann\u00e9es par la baisse des droits t\u00e9l\u00e9 et des contrats de joueurs pas toujours \u00e0 son avantage, le budget du club a fortement diminu\u00e9. D\u00e9j\u00e0 en Ligue 1, il \u00e9tait pass\u00e9 de pr\u00e8s de 50M\u20ac en 2023-2024 \u00e0 35M\u20ac l\u2019ann\u00e9e suivante durant laquelle le MHSC a \u00e9t\u00e9 rel\u00e9gu\u00e9 pour atteindre les 29M\u20ac la saison derni\u00e8re et se porter \u00e0 20M\u20ac pour ce deuxi\u00e8me exercice en Ligue 2. Et ce obligeant la famille Nicollin \u00e0 combler les trous pour satisfaire la DNCG. Un montant qui, m\u00eame si il les place loin de concurrents directs \u00e0 la mont\u00e9e comme Saint-\u00c9tienne (35M\u20ac) ou Nantes (30M\u20ac), le situe dans la moyenne haute des clubs de Ligue 2.<\/p>\n<p class=\" wall-content\">En coulisses, certaines choses ont d\u00e9j\u00e0 chang\u00e9 \u00e0 l\u2019instar de la direction du centre de formation. Laurent Nicollin avait annonc\u00e9 son intention de faire \u00e9voluer certains services notamment la data. Mais le principal changement est peut-\u00eatre venu l\u00e0 o\u00f9 il ne l\u2019attendait pas avec le d\u00e9part de Bruno Carotti. L\u2019ancien pailladin, au club depuis plus de 30 ans d\u2019abord comme joueur puis comme directeur sportif, et ami du pr\u00e9sident, r\u00e9guli\u00e8rement sous le feu des critiques, a mis fin de lui m\u00eame \u00e0 sa collaboration.<\/p>\n<p>Un effectif renouvel\u00e9 et rajeuni<\/p>\n<p class=\" wall-content\">Un d\u00e9part en plein mercato qui n\u2019a pas emp\u00each\u00e9 le MHSC de s\u2019activer. Si le club entame un nouveau cycle s\u2019est aussi le cas du groupe conduit par l\u2019entra\u00eeneur Zoumana Camara. Pour sa deuxi\u00e8me saison sur le banc montpelli\u00e9rain apr\u00e8s une premi\u00e8re s\u00e9duisante, il b\u00e9n\u00e9ficie d\u2019un effectif renouvel\u00e9 avec les d\u00e9parts notamment de T\u00e9ji Savanier (fin de contrat), Christopher Jullien (fin de contrat), Alexandre Mendy (Al Faisaly \/ Arabie Saoudite), Lucas Mincarelli (Estrella Da Amadora \/ Portugal), Nathanel Mbuku (retour de pr\u00eat \/ FC Augsburg \/ Allemagne) notamment et les arriv\u00e9es de Florian Tardieu (Saint-\u00c9tienne), Daylam Meddah (Pau), Mamadou Camara (Laval) Gr\u00e9gory Ayem (Racing Club France) et les pr\u00eats de Daryl Benlahlou (OL), Naouefel El Hannach (PSG) et Nordan Mukiele (Stade Rennais).<\/p>\n<p>Vid\u00e9os : en ce moment sur Actu<\/p>\n<p class=\" wall-content\">Un effectif renouvel\u00e9 et \u00e9galement rajeuni (23,3 ans de moyenne d\u2019\u00e2ge selon le site <a href=\"https:\/\/www.transfermarkt.fr\/montpellier-hsc\/startseite\/verein\/969\" rel=\"nofollow noopener\" target=\"_blank\">Transfermarkt.com<\/a> soit le plus jeune de Ligue 2) avec aussi les belles promesses des jeunes finalistes malheureux de la derni\u00e8re coupe Gambardella face au PSG incarn\u00e9es par Hichem Abderrebi, Mathis Chambon, Tidiane Diallo, Lacin\u00e9 Megnan et Noah Vidal-Cartoux. Nul doute que, entra\u00eeneur des moins de 19 ans du PSG durant trois saisons avant de rejoindre Montpellier, Zoumana Camara saura les int\u00e9grer \u00e0 bon escient comme il l\u2019a fait avec certains la saison derni\u00e8re aujourd\u2019hui dans le groupe \u00e0 l\u2019instar de Th\u00e9o Chennahi ou Yanis Issoufou. Des noms qui seront peut-\u00eatre le visage du MHSC de demain.<\/p>\n<p>Une Ligue 2 relev\u00e9e<\/p>\n<p class=\" wall-content\">Alors Montpellier pourra-t-il faire mieux que la 8e place de la saison derni\u00e8re au sein d\u2019une Ligue 2 qui n\u2019a jamais paru aussi relev\u00e9e. Avec les promotions de Dijon et Sochaux et les rel\u00e9gations de Metz et Nantes, le championnat compte treize clubs sur dix-huit ayant d\u00e9j\u00e0 \u00e9volu\u00e9 dans l\u2019\u00e9lite dont six au cours des cinq derni\u00e8res ann\u00e9es. Soit au total 27 titres de champions de France, dont le dernier \u00e9tant Montpellier en 2012, et 24 coupes de France, qui donnent un c\u00f4t\u00e9 D1, voire Division Nationale pour les plus anciens\u2026 Autant dire que les places pour la mont\u00e9e seront ch\u00e8res. \u00ab\u00a0L\u2019objectif, c\u2019est bien s\u00fbr de terminer dans les cinq premiers, pour au moins faire les barrages. Mais je pense que beaucoup de clubs de Ligue 2, actuellement, souhaitent le faire aussi\u00a0\u00bb. Pas de quoi d\u00e9motiver Laurent Nicollin qui semble avoir retrouv\u00e9 plaisir et optimisme comme<a href=\"https:\/\/www.lequipe.fr\/Football\/Article\/-tout-le-monde-est-rebooste-toujours-en-place-a-montpellier-apres-avoir-failli-vendre-le-club-cet-ete-laurent-nicollin-aborde-cette-saison-de-ligue-2-avec-optimisme\/1708577\" rel=\"nofollow noopener\" target=\"_blank\"> il le confirme au journal L\u2019\u00c9quipe<\/a> tout en restant lucide.<\/p>\n<p class=\" wall-content\">Alors quel visage pr\u00e9sentera le MHSC cette saison apr\u00e8s cinq matchs de pr\u00e9paration int\u00e9ressants (4 victoires, 1 d\u00e9faite avec 16 buts inscrits pour 10 buts encaiss\u00e9s) ? Premi\u00e8res r\u00e9ponses samedi avec la r\u00e9ception de Dijon. Du c\u00f4t\u00e9 des supporters, sur les r\u00e9seaux sociaux, l\u2019attente semble gonfl\u00e9e par le maintien de la famille Nicollin \u00e0 la t\u00eate du club et les mouvements effectu\u00e9s au sein de l\u2019effectif. Dans toute histoire d\u2019amour, il y a des hauts et des bas. Apr\u00e8s quelques ann\u00e9es de bas, si la passion ne s\u2019est jamais \u00e9teinte, tous les ingr\u00e9dients sont r\u00e9unis pour faire repartir l\u2019idylle comme dans ses plus beaux jours. Seule manquera la ferveur de la Butte Paillade dont la tribune est suspendue. Les Ultras se retrouveront tout de m\u00eame en Corbi\u00e8res dans un stade qui, g\u00e9n\u00e9ralement en cette p\u00e9riode, affiche complet. Quoi de mieux pour conqu\u00e9rir les coeurs\u2026<\/p>\n<p>Billetterie sur <a href=\"https:\/\/mhscfoot.com\/\" rel=\"nofollow noopener\" target=\"_blank\">mhscfoot.com<\/a>.<\/p>\n<p class=\" wall-content\">Personnalisez votre actualit\u00e9 en ajoutant vos villes et m\u00e9dias en favori avec <a href=\"https:\/\/moncompte.actu.fr\" title=\"D\u00e9couvez Mon Actu\" rel=\"nofollow noopener\" data-trk=\"{&quot;cta&quot;:{&quot;action&quot;:&quot;https:\\\/\\\/moncompte.actu.fr&quot;,&quot;category&quot;:&quot;mon compte&quot;,&quot;from&quot;:&quot;article footer&quot;,&quot;name&quot;:&quot;Mon actu&quot;,&quot;type&quot;:&quot;cta&quot;}}\" target=\"_blank\">Mon Actu<\/a>.<\/p>\n","protected":false},"excerpt":{"rendered":"Par C\u00e9dric Nithard Publi\u00e9 le 5 ao\u00fbt 2026 \u00e0 20h37 Ce samedi 8 ao\u00fbt \u00e0 20h45, le MHSC&hellip;\n","protected":false},"author":2,"featured_media":1110123,"comment_status":"","ping_status":"","sticky":false,"template":"","format":"standard","meta":{"footnotes":"","_share_on_mastodon":"0"},"categories":[9599],"tags":[1111,11,1777,674,63,1011,27,463,2208,12,2680,25,60],"class_list":["post-1110122","post","type-post","status-publish","format-standard","has-post-thumbnail","category-montpellier","tag-actu","tag-actualites","tag-eu","tag-europe","tag-football","tag-fr","tag-france","tag-mhsc","tag-montpellier","tag-news","tag-occitanie","tag-republique-francaise","tag-sports"],"share_on_mastodon":{"url":"https:\/\/pubeurope.com\/@fr\/117044730124311304","error":""},"_links":{"self":[{"href":"https:\/\/www.europesays.com\/fr\/wp-json\/wp\/v2\/posts\/1110122","targetHints":{"allow":["GET"]}}],"collection":[{"href":"https:\/\/www.europesays.com\/fr\/wp-json\/wp\/v2\/posts"}],"about":[{"href":"https:\/\/www.europesays.com\/fr\/wp-json\/wp\/v2\/types\/post"}],"author":[{"embeddable":true,"href":"https:\/\/www.europesays.com\/fr\/wp-json\/wp\/v2\/users\/2"}],"replies":[{"embeddable":true,"href":"https:\/\/www.europesays.com\/fr\/wp-json\/wp\/v2\/comments?post=1110122"}],"version-history":[{"count":0,"href":"https:\/\/www.europesays.com\/fr\/wp-json\/wp\/v2\/posts\/1110122\/revisions"}],"wp:featuredmedia":[{"embeddable":true,"href":"https:\/\/www.europesays.com\/fr\/wp-json\/wp\/v2\/media\/1110123"}],"wp:attachment":[{"href":"https:\/\/www.europesays.com\/fr\/wp-json\/wp\/v2\/media?parent=1110122"}],"wp:term":[{"taxonomy":"category","embeddable":true,"href":"https:\/\/www.europesays.com\/fr\/wp-json\/wp\/v2\/categories?post=1110122"},{"taxonomy":"post_tag","embeddable":true,"href":"https:\/\/www.europesays.com\/fr\/wp-json\/wp\/v2\/tags?post=1110122"}],"curies":[{"name":"wp","href":"https:\/\/api.w.org\/{rel}","templated":true}]}}