{"id":111018,"date":"2025-05-19T05:44:15","date_gmt":"2025-05-19T05:44:15","guid":{"rendered":"https:\/\/www.europesays.com\/fr\/111018\/"},"modified":"2025-05-19T05:44:15","modified_gmt":"2025-05-19T05:44:15","slug":"tour-ditalie-van-aert-simpose-del-toro-nouveau-maillot-rose-le-classement-general-du-giro-apres-la-9e-etape","status":"publish","type":"post","link":"https:\/\/www.europesays.com\/fr\/111018\/","title":{"rendered":"Tour d\u2019Italie : Van Aert s\u2019impose, del Toro nouveau maillot rose&#8230; Le classement g\u00e9n\u00e9ral du Giro apr\u00e8s la 9e \u00e9tape"},"content":{"rendered":"<p class=\"paragraph text_align_left\">Il l\u2019attendait depuis longtemps. Le Belge Wout Van Aert a d\u00e9croch\u00e9 sa premi\u00e8re victoire de l\u2019ann\u00e9e dimanche \u00e0 Sienne en remportant la neuvi\u00e8me \u00e9tape du Tour d\u2019Italie qui a fait d\u2019\u00e9normes d\u00e9g\u00e2ts sur les chemins blancs des <a href=\"https:\/\/www.leparisien.fr\/sports\/cyclisme\/strade-bianche-la-video-de-la-spectaculaire-chute-de-tadej-pogacar-en-pleine-descente-08-03-2025-QUBC2AQBRJDTZAUPYTMRSXMUDA.php\" target=\"_blank\" rel=\"noreferrer noopener\">Strade Bianche, semi-classique disput\u00e9e en mars<\/a>.<\/p>\n<p class=\"paragraph text_align_left\">Le coureur de l\u2019\u00e9quipe Visma s\u2019est impos\u00e9 au sprint sur la Piazza del Campo de Sienne devant son compagnon d\u2019\u00e9chapp\u00e9e, le jeune Mexicain Isaac del Toro, qui prend le maillot rose de leader. Ce dernier change de nouveau d\u2019\u00e9paules, <a href=\"https:\/\/www.leparisien.fr\/sports\/cyclisme\/giro\/tour-ditalie-luke-plapp-simpose-en-solitaire-diego-ulissi-en-rose-le-classement-general-du-giro-chamboule-17-05-2025-PMTOU3ANNFFWHIB7MBLO5RTXPU.php\" target=\"_blank\" rel=\"noreferrer noopener\">apr\u00e8s \u00eatre atterri sur celles de Diego Ulissi la veille<\/a>. <\/p>\n<blockquote class=\"twitter-tweet\">\n<p lang=\"fr\" dir=\"ltr\">\ud83e\udd29 \ud835\udc0b\ud835\udc1a \ud835\udc2b\ud835\udc1e\ud835\udc27\ud835\udc1a\ud835\udc22\ud835\udc2c\ud835\udc2c\ud835\udc1a\ud835\udc27\ud835\udc1c\ud835\udc1e \ud835\udc1d\ud835\udc1e \ud835\udc16\ud835\udc28\ud835\udc2e\ud835\udc2d \ud835\udc2f\ud835\udc1a\ud835\udc27 \ud835\udc00\ud835\udc1e\ud835\udc2b\ud835\udc2d !<\/p>\n<p>Le Belge donne tout pour rester dans la roue de l&rsquo;impressionnant Del Toro dans la derni\u00e8re bosse avant de s&rsquo;imposer au sprint !<a href=\"https:\/\/twitter.com\/hashtag\/GirodItalia?src=hash&amp;ref_src=twsrc%5Etfw\" target=\"_blank\" rel=\"noopener\">#GirodItalia<\/a> <a href=\"https:\/\/twitter.com\/hashtag\/LesRP?src=hash&amp;ref_src=twsrc%5Etfw\" target=\"_blank\" rel=\"noopener\">#LesRP<\/a> <a href=\"https:\/\/t.co\/IMb0asDgYO\">pic.twitter.com\/IMb0asDgYO<\/a><\/p>\n<p>\u2014 Eurosport France (@Eurosport_FR) <a href=\"https:\/\/twitter.com\/Eurosport_FR\/status\/1924124681637949459?ref_src=twsrc%5Etfw\" target=\"_blank\" rel=\"noopener\">May 18, 2025<\/a><\/p><\/blockquote>\n<p class=\"paragraph text_align_left\">Les deux hommes s\u2019\u00e9taient d\u00e9barrass\u00e9s du Colombien Egan Bernal et du Tch\u00e8que Mathias Vacek \u00e0 15 km de l\u2019arriv\u00e9e. Ils sont arriv\u00e9s avec environ une minute d\u2019avance sur un premier groupe de favoris dans lequel figuraient Giulio Ciccone, Richard Carapaz, Egan Bernal, Antonio Tiberi, Juan Ayuso et les fr\u00e8res Yates.<\/p>\n<p>Primoz Roglic chute et perd du temps<\/p>\n<p class=\"paragraph text_align_left\">Primoz Roglic, victime d\u2019une chute puis d\u2019une crevaison, a \u00e9t\u00e9 le principal perdant d\u2019une \u00e9tape palpitante, courue comme une classique avec un peloton coup\u00e9 en plusieurs groupes et des coureurs \u00e9parpill\u00e9s un peu partout.<\/p>\n<p class=\"paragraph text_align_left\">Le Slov\u00e8ne a termin\u00e9 \u00e0 plus de deux minutes de Van Aert et conc\u00e8de plus d\u2019une minute aux autres leaders au classement g\u00e9n\u00e9ral d\u00e9sormais emmen\u00e9 par Del Toro, \u00e9quipier d\u2019Ayuso chez UAE.<\/p>\n<p class=\"paragraph text_align_left\">Van Aert, qui dispute son premier Giro, compl\u00e8te lui sa collection de victoires sur les grands Tours apr\u00e8s avoir gagn\u00e9 d\u00e9j\u00e0 neuf \u00e9tapes sur le Tour de France et trois sur le Tour d\u2019Espagne. Transi de fatigue et ivre de bonheur, il s\u2019est allong\u00e9 de tout son long apr\u00e8s un final \u00e0 suspense, o\u00f9 il a tout donn\u00e9 dans la derni\u00e8re mont\u00e9e Via Santa Caterina, avant d\u2019aller embrasser son fils et sa femme.<\/p>\n<p class=\"paragraph text_align_left\">C\u2019est un \u00e9norme soulagement pour le Flamand de 30 ans <a href=\"https:\/\/www.leparisien.fr\/sports\/cyclisme\/tour-des-flandres-imperial-tadej-pogacar-ecoeure-van-der-poel-pedersen-van-aert-et-tous-les-autres-06-04-2025-IDYEDKMCXNFA5JAZDUIFCPBJRA.php\" target=\"_blank\" rel=\"noreferrer noopener\">qui a multipli\u00e9 les places d\u2019honneur sur les classiques<\/a>, mais n\u2019avait plus gagn\u00e9 depuis ses trois victoires d\u2019\u00e9tape sur la Vuelta en ao\u00fbt 2024. Il s\u2019impose \u00e0 Sienne o\u00f9 il avait d\u00e9j\u00e0 gagn\u00e9 les Strade Bianche en 2020. C\u2019est la cinquanti\u00e8me victoire de sa carri\u00e8re.<\/p>\n<p><b>Le classement g\u00e9n\u00e9ral du Giro 2025 apr\u00e8s la neuvi\u00e8me \u00e9tape<\/b><\/p>\n<p>1. Isaac Del Toro (MEX\/UAD) 33 h 36:45.<\/p>\n<p>2. Juan Ayuso (ESP\/UAD) \u00e0 1:13.<\/p>\n<p>3. Antonio Tiberi (ITA\/TBV) 1:30.<\/p>\n<p>4. Richard Carapaz (ECU\/EFE) 1:40.<\/p>\n<p>5. Giulio Ciccone (ITA\/LTK) 1:41.<\/p>\n<p>6. Simon Yates (GBR\/TVL) 1:42.<\/p>\n<p>7. Egan Bernal (COL\/IGD) 1:57.<\/p>\n<p>8. Brandon McNulty (USA\/UAD) 1:59.<\/p>\n<p>9. Adam Yates (GBR\/UAD) 2:01.<\/p>\n<p>10. Primoz Roglic (SLO\/RBH) 2:25.<\/p>\n<p><script async src=\"https:\/\/platform.twitter.com\/widgets.js\" charset=\"utf-8\"><\/script><\/p>\n","protected":false},"excerpt":{"rendered":"Il l\u2019attendait depuis longtemps. Le Belge Wout Van Aert a d\u00e9croch\u00e9 sa premi\u00e8re victoire de l\u2019ann\u00e9e dimanche \u00e0&hellip;\n","protected":false},"author":2,"featured_media":111019,"comment_status":"","ping_status":"","sticky":false,"template":"","format":"standard","meta":{"footnotes":""},"categories":[1411],"tags":[1154,207,1011,27,19716,60],"class_list":{"0":"post-111018","1":"post","2":"type-post","3":"status-publish","4":"format-standard","5":"has-post-thumbnail","7":"category-cyclisme","8":"tag-cycling","9":"tag-cyclisme","10":"tag-fr","11":"tag-france","12":"tag-giro","13":"tag-sports"},"share_on_mastodon":{"url":"https:\/\/pubeurope.com\/@fr\/114532913190517367","error":""},"_links":{"self":[{"href":"https:\/\/www.europesays.com\/fr\/wp-json\/wp\/v2\/posts\/111018","targetHints":{"allow":["GET"]}}],"collection":[{"href":"https:\/\/www.europesays.com\/fr\/wp-json\/wp\/v2\/posts"}],"about":[{"href":"https:\/\/www.europesays.com\/fr\/wp-json\/wp\/v2\/types\/post"}],"author":[{"embeddable":true,"href":"https:\/\/www.europesays.com\/fr\/wp-json\/wp\/v2\/users\/2"}],"replies":[{"embeddable":true,"href":"https:\/\/www.europesays.com\/fr\/wp-json\/wp\/v2\/comments?post=111018"}],"version-history":[{"count":0,"href":"https:\/\/www.europesays.com\/fr\/wp-json\/wp\/v2\/posts\/111018\/revisions"}],"wp:featuredmedia":[{"embeddable":true,"href":"https:\/\/www.europesays.com\/fr\/wp-json\/wp\/v2\/media\/111019"}],"wp:attachment":[{"href":"https:\/\/www.europesays.com\/fr\/wp-json\/wp\/v2\/media?parent=111018"}],"wp:term":[{"taxonomy":"category","embeddable":true,"href":"https:\/\/www.europesays.com\/fr\/wp-json\/wp\/v2\/categories?post=111018"},{"taxonomy":"post_tag","embeddable":true,"href":"https:\/\/www.europesays.com\/fr\/wp-json\/wp\/v2\/tags?post=111018"}],"curies":[{"name":"wp","href":"https:\/\/api.w.org\/{rel}","templated":true}]}}