{"id":111028,"date":"2025-05-19T05:50:09","date_gmt":"2025-05-19T05:50:09","guid":{"rendered":"https:\/\/www.europesays.com\/fr\/111028\/"},"modified":"2025-05-19T05:50:09","modified_gmt":"2025-05-19T05:50:09","slug":"vanessa-paradis-prepare-son-retour-avec-un-nouvel-album-apres-sept-ans-dabsence","status":"publish","type":"post","link":"https:\/\/www.europesays.com\/fr\/111028\/","title":{"rendered":"Vanessa Paradis pr\u00e9pare son retour avec un nouvel album apr\u00e8s sept ans d\u2019absence"},"content":{"rendered":"<p>La chanteuse est en studio, a-t-elle annonc\u00e9 sur les r\u00e9seaux sociaux. Son dernier disque, Les Sources, date de 2018.<\/p>\n<p class=\"fig-paragraph\">L\u2019interpr\u00e8te de Joe le taxi bient\u00f4t pr\u00eate \u00e0 retourner sur le devant de la sc\u00e8ne\u00a0? Apr\u00e8s des mois de rumeurs,<a href=\"http:\/\/www.lefigaro.fr\/cinema\/vanessa-paradis-alain-delon-et-jean-paul-belmondo-avaient-beaucoup-de-tendresse-l-un-pour-l-autre-20241016\" target=\"_blank\" data-fig-type=\"Article\" rel=\"noopener\" data-gtm-custom-categorie=\"navigation\" data-gtm-custom-action=\"crossclick\" data-gtm-custom-label=\"Contextuel\" data-gtm-event=\"customEventSPE\" data-fig-domain=\"LEFIGARO\">\u00a0Vanessa Paradis<\/a>, qui n\u2019a pas sorti de disque depuis 2018, avec Les Sources, travaille bel et bien sur de la<a href=\"http:\/\/www.lefigaro.fr\/musique\/le-nuc-plus-ultra-special-albums-live-une-nouveaute-du-groupe-the-national-et-une-reedition-pour-vanessa-paradis-20241221\" target=\"_blank\" data-fig-type=\"Article\" rel=\"noopener\" data-gtm-custom-categorie=\"navigation\" data-gtm-custom-action=\"crossclick\" data-gtm-custom-label=\"Contextuel\" data-gtm-event=\"customEventSPE\" data-fig-domain=\"LEFIGARO\">\u00a0nouvelle musique.<\/a>\u00a0Elle a annonc\u00e9 la nouvelle sobrement sur les r\u00e9seaux sociaux, mardi 13 mai.<\/p>\n<p class=\"fig-paragraph\">Cette derni\u00e8re a partag\u00e9 un clich\u00e9 d\u2019elle en studio, assise sur un tabouret, les yeux riv\u00e9s sur une partition \u00e0 c\u00f4t\u00e9 d\u2019un micro. Cette photographie est accompagn\u00e9e d\u2019une l\u00e9gende \u00ab\u00a0Studio &#8211; Avril 2025\u00a0\u00bb. En octobre, le magazine\u00a0<a href=\"https:\/\/www.gala.fr\/l_actu\/news_de_stars\/recit-vanessa-paradis-son-retour-dans-la-lumiere_553464\" target=\"_blank\" data-fig-type=\"Article\" rel=\"noopener\" data-gtm-custom-categorie=\"navigation\" data-gtm-custom-action=\"crossclick\" data-gtm-custom-label=\"Contextuel\" data-gtm-event=\"customEventSPE\" data-fig-domain=\"GALA\">Gala\u00a0<\/a> avait r\u00e9v\u00e9l\u00e9 que la chanteuse travaillait sur son huiti\u00e8me album avec sa maison de disques Barclay. Plus r\u00e9cemment, la chanteuse avait laiss\u00e9 planer le doute en publiant une photographie d\u2019un studio d\u2019enregistrement sur laquelle on pouvait voir son nom \u00e9crit en gros, indiquant qu\u2019elle \u00e9tait en session d\u2019enregistrement. Il est encore trop t\u00f4t pour savoir quand cet album sortira, quels titres seront pr\u00e9sents ou encore si ce nouvel opus contient des duos.<\/p>\n<p class=\"fig-paragraph\">Son dernier disque, Les Sources \u00e9tait compos\u00e9 de douze titres, dont Kiev, La Plage, C\u2019est dire, On oubliera ou encore Mio cuore et ne comprenait aucune collaboration. Au\u00a0<a href=\"https:\/\/www.lefigaro.fr\/musique\/2018\/11\/14\/03006-20181114ARTFIG00181-vanessa-paradis-je-mets-tout-de-moi-dans-chaque-disque.php\" target=\"_blank\" data-fig-type=\"Article\" rel=\"noopener\" data-gtm-custom-categorie=\"navigation\" data-gtm-custom-action=\"crossclick\" data-gtm-custom-label=\"Contextuel\" data-gtm-event=\"customEventSPE\" data-fig-domain=\"LEFIGARO\">Figaro<\/a>, elle d\u00e9clarait avoir voulu faire un disque \u00ab\u00a0lumineux\u00a0\u00bb avec des \u00ab\u00a0sons qui lui fassent du bien\u00a0\u00bb. En attendant son prochain album, les fans de Vanessa Paradis pourront se r\u00e9jouir de la voir au cin\u00e9ma le 5 novembre dans T\u2019as pas chang\u00e9, une com\u00e9die de J\u00e9r\u00f4me Commandeur, o\u00f9 suite \u00e0 la disparition d\u2019un de leur camarade de classe, quatre anciens lyc\u00e9ens d\u00e9cident, 30 ans apr\u00e8s le bac, de r\u00e9unir toute leur promo \u00e0 l\u2019occasion d\u2019une f\u00eate.<\/p>\n","protected":false},"excerpt":{"rendered":"La chanteuse est en studio, a-t-elle annonc\u00e9 sur les r\u00e9seaux sociaux. Son dernier disque, Les Sources, date de&hellip;\n","protected":false},"author":2,"featured_media":111029,"comment_status":"","ping_status":"","sticky":false,"template":"","format":"standard","meta":{"footnotes":""},"categories":[1355],"tags":[2937,2932,2935,1696,2934,58,2933,59,1011,27,1361,873,2936,1698,7206,10245],"class_list":{"0":"post-111028","1":"post","2":"type-post","3":"status-publish","4":"format-standard","5":"has-post-thumbnail","7":"category-musique","8":"tag-artistes","9":"tag-cd","10":"tag-chansons","11":"tag-chanteur","12":"tag-chason","13":"tag-divertissement","14":"tag-dvd","15":"tag-entertainment","16":"tag-fr","17":"tag-france","18":"tag-music","19":"tag-musique","20":"tag-musique-classique","21":"tag-musiques","22":"tag-nouvel-album","23":"tag-vanessa-paradis"},"share_on_mastodon":{"url":"https:\/\/pubeurope.com\/@fr\/114532937095709377","error":""},"_links":{"self":[{"href":"https:\/\/www.europesays.com\/fr\/wp-json\/wp\/v2\/posts\/111028","targetHints":{"allow":["GET"]}}],"collection":[{"href":"https:\/\/www.europesays.com\/fr\/wp-json\/wp\/v2\/posts"}],"about":[{"href":"https:\/\/www.europesays.com\/fr\/wp-json\/wp\/v2\/types\/post"}],"author":[{"embeddable":true,"href":"https:\/\/www.europesays.com\/fr\/wp-json\/wp\/v2\/users\/2"}],"replies":[{"embeddable":true,"href":"https:\/\/www.europesays.com\/fr\/wp-json\/wp\/v2\/comments?post=111028"}],"version-history":[{"count":0,"href":"https:\/\/www.europesays.com\/fr\/wp-json\/wp\/v2\/posts\/111028\/revisions"}],"wp:featuredmedia":[{"embeddable":true,"href":"https:\/\/www.europesays.com\/fr\/wp-json\/wp\/v2\/media\/111029"}],"wp:attachment":[{"href":"https:\/\/www.europesays.com\/fr\/wp-json\/wp\/v2\/media?parent=111028"}],"wp:term":[{"taxonomy":"category","embeddable":true,"href":"https:\/\/www.europesays.com\/fr\/wp-json\/wp\/v2\/categories?post=111028"},{"taxonomy":"post_tag","embeddable":true,"href":"https:\/\/www.europesays.com\/fr\/wp-json\/wp\/v2\/tags?post=111028"}],"curies":[{"name":"wp","href":"https:\/\/api.w.org\/{rel}","templated":true}]}}