{"id":111036,"date":"2025-05-19T05:54:09","date_gmt":"2025-05-19T05:54:09","guid":{"rendered":"https:\/\/www.europesays.com\/fr\/111036\/"},"modified":"2025-05-19T05:54:09","modified_gmt":"2025-05-19T05:54:09","slug":"celine-dion-absente-de-leurovision-et-pourtant-elle-etait-bien-sur-place-selon-ce-journaliste","status":"publish","type":"post","link":"https:\/\/www.europesays.com\/fr\/111036\/","title":{"rendered":"C\u00e9line Dion absente de l\u2019Eurovision : et pourtant elle \u00e9tait bien sur place selon ce journaliste\u2026"},"content":{"rendered":"<p>En 1988, <strong>C\u00e9line Dion avait repr\u00e9sent\u00e9 la Suisse<\/strong><br \/>\nlors de l&rsquo;Eurovision. Un pari gagnant pour le pays. \u00c9tant donn\u00e9 que<br \/>\nla chanteuse originaire du Qu\u00e9bec avait remport\u00e9 le concours.<br \/>\nLan\u00e7ant ainsi d\u00e9finitivement sa carri\u00e8re. Suite \u00e0 la victoire de<br \/>\nN\u00e9mo en 2024, c&rsquo;est en Suisse que l&rsquo;\u00e9dition 2025 de cet \u00e9v\u00e8nement<br \/>\nannuel a eu lieu le samedi 17 mai 2025. Ainsi, de nombreuses<br \/>\npersonnes pensaient <a href=\"https:\/\/www.closermag.fr\/tv_tele_realite\/eurovision-2025-celine-dion-plus-attendue-que-jamais-mais-la-star-sera-t-elle-vraiment-presente-3545747\" rel=\"nofollow noopener\" target=\"_blank\"><br \/>\nla musicienne<\/a> serait pr\u00e9sente sur place.<\/p>\n<p>Selon les informations d\u00e9voil\u00e9es par la BBC.<br \/>\n<strong>L&rsquo;avion priv\u00e9 de C\u00e9line Dion aurait justement atterri \u00e0<br \/>\nB\u00e2le<\/strong> ce jour-l\u00e0. \u00ab\u00a0Nous sommes toujours en contact avec<br \/>\n<a href=\"https:\/\/www.closermag.fr\/tv_tele_realite\/eurovision\/eurovision-2025-celine-dion-est-elle-apparue-3545941\" rel=\"nofollow noopener\" target=\"_blank\"><br \/>\nC\u00e9line Dion<\/a>. Comme toujours, sa sant\u00e9 reste notre priorit\u00e9<br \/>\nabsolue\u00a0\u00bb, avait notamment d\u00e9clar\u00e9 le porte-parole de<br \/>\nl&rsquo;Eurovision 2025. De son c\u00f4t\u00e9, le c\u00e9l\u00e8bre animateur britannique<br \/>\nGraham Norton \u00e9tait persuad\u00e9 que la chanteuse se produirait sur<br \/>\nsc\u00e8ne durant le concours.<\/p>\n<p>Graham Norton : \u00ab\u00a0M\u00eame moi, j&rsquo;ai abandonn\u00e9 C\u00e9line, je ne pense<br \/>\npas qu&rsquo;elle se pr\u00e9sentera\u00a0\u00bb<\/p>\n<p>\u00ab\u00a0Nous aurions tellement aim\u00e9 qu\u2019elle soit l\u00e0 avec nous.<br \/>\n<strong>Malheureusement, elle ne peut pas \u00eatre \u00e0 B\u00e2le.<\/strong><br \/>\nMais nous savons que ses pens\u00e9es nous accompagnent\u00a0\u00bb, avaient<br \/>\nassur\u00e9 pour leur part les pr\u00e9sentatrices de l&rsquo;Eurovision 2025<br \/>\npendant les r\u00e9p\u00e9titions. Au final, la chanteuse qu\u00e9b\u00e9coise n&rsquo;est<br \/>\npas apparue sur sc\u00e8ne. \u00ab\u00a0M\u00eame moi, j&rsquo;ai abandonn\u00e9 C\u00e9line, je ne<br \/>\npense pas qu&rsquo;elle se pr\u00e9sentera\u00a0\u00bb, avait finalement reconnu<br \/>\nGraham Norton.<\/p>\n<p>Pour rappel, C\u00e9line Dion avait enregistr\u00e9 un message vid\u00e9o<br \/>\nlaissant sous-entendre qu&rsquo;elle ne se rendrait pas \u00e0 l&rsquo;Eurovision<br \/>\n2025. \u00ab\u00a0Je ne demande pas mieux que d\u2019\u00eatre avec vous \u00e0 B\u00e2le en<br \/>\nce moment. <strong>La Suisse occupera \u00e0 jamais une place sp\u00e9ciale<br \/>\ndans mon c\u0153ur.<\/strong>\u00a0C\u2019est un pays qui a cru en moi et m\u2019a<br \/>\ndonn\u00e9 la chance de participer \u00e0 quelque chose d\u2019aussi<br \/>\nextraordinaire\u00a0\u00bb, avait-elle tout d&rsquo;abord indiqu\u00e9.<\/p>\n<p>Eurovision 2025 : L&rsquo;Autriche s&rsquo;impose<br \/>\ndevant Isra\u00ebl et l&rsquo;Estonie<\/p>\n<p>\u00ab\u00a0Gagner le concours Eurovision de la chanson pour la Suisse<br \/>\nen 1988 a \u00e9t\u00e9 un moment qui a chang\u00e9 ma vie. La musique<br \/>\nnous unit. Pas seulement ce soir. <strong>Pas seulement en ce<br \/>\nmoment merveilleux.<\/strong> Elle est notre force, notre soutien et<br \/>\nnotre accompagnement dans les moments o\u00f9 nous en avons besoin. Je<br \/>\nvous aime\u00a0\u00bb, a ensuite pr\u00e9cis\u00e9 l&rsquo;ancienne gagnante de<br \/>\nl&rsquo;Eurovision.<\/p>\n<p>Cette ann\u00e9e, <strong>c&rsquo;est l&rsquo;Autriche qui a remport\u00e9<br \/>\nl&rsquo;Eurovision<\/strong>. Il ne s&rsquo;agissait pas d&rsquo;une surprise \u00e9tant<br \/>\ndonn\u00e9 que le pays figurait parmi les favoris des bookmakers avec la<br \/>\nSu\u00e8de et la France. <a href=\"https:\/\/www.telestar.fr\/actu_tv\/eurovision-2025-quel-est-lordre-de-passage-de-louane-1722954\" rel=\"nofollow noopener\" target=\"_blank\"><br \/>\nLouane<\/a> a malheureusement d\u00fb se contenter de la 7e place \u00e0<br \/>\nl&rsquo;issue de sa prestation. La Su\u00e8de a quant \u00e0 elle termin\u00e9 4e<br \/>\nderri\u00e8re Isra\u00ebl et l&rsquo;Estonie.<\/p>\n","protected":false},"excerpt":{"rendered":"En 1988, C\u00e9line Dion avait repr\u00e9sent\u00e9 la Suisse lors de l&rsquo;Eurovision. Un pari gagnant pour le pays. \u00c9tant&hellip;\n","protected":false},"author":2,"featured_media":111037,"comment_status":"","ping_status":"","sticky":false,"template":"","format":"standard","meta":{"footnotes":""},"categories":[8],"tags":[548,7043,58,59,1011,27],"class_list":{"0":"post-111036","1":"post","2":"type-post","3":"status-publish","4":"format-standard","5":"has-post-thumbnail","7":"category-divertissement","8":"tag-article-simple","9":"tag-celine-dion","10":"tag-divertissement","11":"tag-entertainment","12":"tag-fr","13":"tag-france"},"share_on_mastodon":{"url":"https:\/\/pubeurope.com\/@fr\/114532952841356694","error":""},"_links":{"self":[{"href":"https:\/\/www.europesays.com\/fr\/wp-json\/wp\/v2\/posts\/111036","targetHints":{"allow":["GET"]}}],"collection":[{"href":"https:\/\/www.europesays.com\/fr\/wp-json\/wp\/v2\/posts"}],"about":[{"href":"https:\/\/www.europesays.com\/fr\/wp-json\/wp\/v2\/types\/post"}],"author":[{"embeddable":true,"href":"https:\/\/www.europesays.com\/fr\/wp-json\/wp\/v2\/users\/2"}],"replies":[{"embeddable":true,"href":"https:\/\/www.europesays.com\/fr\/wp-json\/wp\/v2\/comments?post=111036"}],"version-history":[{"count":0,"href":"https:\/\/www.europesays.com\/fr\/wp-json\/wp\/v2\/posts\/111036\/revisions"}],"wp:featuredmedia":[{"embeddable":true,"href":"https:\/\/www.europesays.com\/fr\/wp-json\/wp\/v2\/media\/111037"}],"wp:attachment":[{"href":"https:\/\/www.europesays.com\/fr\/wp-json\/wp\/v2\/media?parent=111036"}],"wp:term":[{"taxonomy":"category","embeddable":true,"href":"https:\/\/www.europesays.com\/fr\/wp-json\/wp\/v2\/categories?post=111036"},{"taxonomy":"post_tag","embeddable":true,"href":"https:\/\/www.europesays.com\/fr\/wp-json\/wp\/v2\/tags?post=111036"}],"curies":[{"name":"wp","href":"https:\/\/api.w.org\/{rel}","templated":true}]}}