{"id":111042,"date":"2025-05-19T05:57:08","date_gmt":"2025-05-19T05:57:08","guid":{"rendered":"https:\/\/www.europesays.com\/fr\/111042\/"},"modified":"2025-05-19T05:57:08","modified_gmt":"2025-05-19T05:57:08","slug":"trump-va-telephoner-a-poutine-ce-lundi-pour-mettre-fin-au-bain-de-sang","status":"publish","type":"post","link":"https:\/\/www.europesays.com\/fr\/111042\/","title":{"rendered":"Trump va t\u00e9l\u00e9phoner \u00e0 Poutine ce lundi pour \u00ab\u00a0mettre fin au bain de sang\u00a0\u00bb\u2026"},"content":{"rendered":"<p>D\u00e8s dimanche \u00e0 Rome, le vice-pr\u00e9sident am\u00e9ricain JD Vance s\u2019est entretenu avec le pr\u00e9sident ukrainien Volodymyr Zelensky pour pr\u00e9parer l\u2019appel entre Donald Trump et Vladimir Poutine.<\/p>\n<p>Selon un haut responsable ukrainien, les deux dirigeants ont \u00e9voqu\u00e9 \u00ab\u00a0la situation sur le front, les pr\u00e9paratifs de la conversation de lundi, la possibilit\u00e9 de sanctions contre la Russie en l\u2019absence de r\u00e9sultats, un cessez-le-feu\u00a0\u00bb. Ils \u00ab\u00a0ont \u00e9voqu\u00e9 leur objectif partag\u00e9 de mettre fin au bain de sang en Ukraine et ont fourni des informations suppl\u00e9mentaires sur l\u2019\u00e9tat actuel des n\u00e9gociations en vue d\u2019un cessez-le-feu et d\u2019une paix durable\u00a0\u00bb, a de son c\u00f4t\u00e9 d\u00e9clar\u00e9 la Maison-Blanche.<\/p>\n<p>Cette rencontre \u00e9tait la premi\u00e8re entre les deux hommes depuis leur altercation film\u00e9e dans le bureau ovale fin f\u00e9vrier, qui avait marqu\u00e9 le changement de ton de Washington vis-\u00e0-vis de Kiev.<\/p>\n","protected":false},"excerpt":{"rendered":"D\u00e8s dimanche \u00e0 Rome, le vice-pr\u00e9sident am\u00e9ricain JD Vance s\u2019est entretenu avec le pr\u00e9sident ukrainien Volodymyr Zelensky pour&hellip;\n","protected":false},"author":2,"featured_media":111043,"comment_status":"","ping_status":"","sticky":false,"template":"","format":"standard","meta":{"footnotes":""},"categories":[5],"tags":[47,11,75,73,1011,27,131,14,74,12,132,135,134,28],"class_list":{"0":"post-111042","1":"post","2":"type-post","3":"status-publish","4":"format-standard","5":"has-post-thumbnail","7":"category-international","8":"tag-actualite","9":"tag-actualites","10":"tag-donald-trump","11":"tag-etats-unis","12":"tag-fr","13":"tag-france","14":"tag-guerre-en-ukraine","15":"tag-international","16":"tag-monde","17":"tag-news","18":"tag-russie","19":"tag-vladimir-poutine","20":"tag-volodymyr-zelensky","21":"tag-world"},"share_on_mastodon":{"url":"https:\/\/pubeurope.com\/@fr\/114532964468801438","error":""},"_links":{"self":[{"href":"https:\/\/www.europesays.com\/fr\/wp-json\/wp\/v2\/posts\/111042","targetHints":{"allow":["GET"]}}],"collection":[{"href":"https:\/\/www.europesays.com\/fr\/wp-json\/wp\/v2\/posts"}],"about":[{"href":"https:\/\/www.europesays.com\/fr\/wp-json\/wp\/v2\/types\/post"}],"author":[{"embeddable":true,"href":"https:\/\/www.europesays.com\/fr\/wp-json\/wp\/v2\/users\/2"}],"replies":[{"embeddable":true,"href":"https:\/\/www.europesays.com\/fr\/wp-json\/wp\/v2\/comments?post=111042"}],"version-history":[{"count":0,"href":"https:\/\/www.europesays.com\/fr\/wp-json\/wp\/v2\/posts\/111042\/revisions"}],"wp:featuredmedia":[{"embeddable":true,"href":"https:\/\/www.europesays.com\/fr\/wp-json\/wp\/v2\/media\/111043"}],"wp:attachment":[{"href":"https:\/\/www.europesays.com\/fr\/wp-json\/wp\/v2\/media?parent=111042"}],"wp:term":[{"taxonomy":"category","embeddable":true,"href":"https:\/\/www.europesays.com\/fr\/wp-json\/wp\/v2\/categories?post=111042"},{"taxonomy":"post_tag","embeddable":true,"href":"https:\/\/www.europesays.com\/fr\/wp-json\/wp\/v2\/tags?post=111042"}],"curies":[{"name":"wp","href":"https:\/\/api.w.org\/{rel}","templated":true}]}}