{"id":1110464,"date":"2026-08-06T00:04:44","date_gmt":"2026-08-06T00:04:44","guid":{"rendered":"https:\/\/www.europesays.com\/fr\/1110464\/"},"modified":"2026-08-06T00:04:44","modified_gmt":"2026-08-06T00:04:44","slug":"grenoble-le-corps-dun-homme-decouvert-dans-un-parc","status":"publish","type":"post","link":"https:\/\/www.europesays.com\/fr\/1110464\/","title":{"rendered":"Grenoble\u00a0: Le corps d\u2019un homme d\u00e9couvert dans un parc"},"content":{"rendered":"<p class=\"mb-4 text-lg md:leading-8 break-words\"><strong>Pr\u00e8s d&rsquo;un lieu de deal &#8211; Le corps d&rsquo;un homme d&rsquo;une trentaine d&rsquo;ann\u00e9es sans papiers d&rsquo;identit\u00e9 a \u00e9t\u00e9 retrouv\u00e9 lundi vers 7h30 dans le parc Bachelard, au sud de Grenoble<\/strong><\/p>\n<p class=\"mb-4 text-lg md:leading-8 break-words\">Le corps d&rsquo;un homme d&rsquo;une trentaine d&rsquo;ann\u00e9es a \u00e9t\u00e9 retrouv\u00e9 lundi vers 7h30 dans le parc des Champs-\u00c9lys\u00e9es, dit parc Bachelard, au sud de <a data-ylk=\"slk:Grenoble;elm:context_link;itc:0;sec:content-canvas;\" data-yga=\"{&quot;yLinkElement&quot;:&quot;link&quot;,&quot;yLinkElementType&quot;:&quot;article_link&quot;}\" href=\"https:\/\/www.20minutes.fr\/grenoble\/?at_medium=RSS%20feed&amp;at_campaign=ynews&amp;utm_source=yahoo&amp;utm_medium=rss&amp;utm_campaign=news_feed&amp;utm_content=in_article_link\" rel=\"noopener noreferrer nofollow\" target=\"_blank\">Grenoble<\/a> (<a data-ylk=\"slk:Is\u00e8re;elm:context_link;itc:0;sec:content-canvas;\" data-yga=\"{&quot;yLinkElement&quot;:&quot;link&quot;,&quot;yLinkElementType&quot;:&quot;article_link&quot;}\" href=\"https:\/\/www.20minutes.fr\/societe\/isere\/?at_medium=RSS%20feed&amp;at_campaign=ynews&amp;utm_source=yahoo&amp;utm_medium=rss&amp;utm_campaign=news_feed&amp;utm_content=in_article_link\" rel=\"noopener noreferrer nofollow\" target=\"_blank\">Is\u00e8re<\/a>)<\/p>\n<p class=\"mb-4 text-lg md:leading-8 break-words\">Des constatations sont en cours pour d\u00e9terminer la cause du d\u00e9c\u00e8s. La victime, \u00ab\u00a0vraisemblablement \u00e2g\u00e9e d&rsquo;une trentaine d&rsquo;ann\u00e9es\u00a0\u00bb selon les premi\u00e8res constatations, n&rsquo;avait pas ses papiers d&rsquo;identit\u00e9 sur elle. \u00ab\u00a0Le travail d&rsquo;enqu\u00eate est en cours, aucune hypoth\u00e8se sur les causes de la mort n&rsquo;est privil\u00e9gi\u00e9e \u00e0 ce stade\u00a0\u00bb, souligne une source polici\u00e8re.<\/p>\n<p class=\"mb-4 text-lg md:leading-8 break-words\">Le parc Bachelard est situ\u00e9 non loin du quartier Mistral, un quartier sensible de Grenoble connu pour abriter des points de <a data-ylk=\"slk:deal;elm:context_link;itc:0;sec:content-canvas;\" data-yga=\"{&quot;yLinkElement&quot;:&quot;link&quot;,&quot;yLinkElementType&quot;:&quot;article_link&quot;}\" href=\"https:\/\/www.20minutes.fr\/dossier\/dealer?at_medium=RSS%20feed&amp;at_campaign=ynews&amp;utm_source=yahoo&amp;utm_medium=rss&amp;utm_campaign=news_feed&amp;utm_content=in_article_link\" rel=\"noopener noreferrer nofollow\" target=\"_blank\">deal<\/a>, et comprenant de nombreuses pelouses et aires de jeux pour enfants autour d&rsquo;un bassin central.<\/p>\n<p class=\"mb-4 text-lg md:leading-8 break-words\">L&rsquo;enqu\u00eate est \u00ab\u00a0pour l&rsquo;instant\u00a0\u00bb confi\u00e9e \u00e0 la division de la criminalit\u00e9 organis\u00e9e et sp\u00e9cialis\u00e9e. Sollicit\u00e9, le parquet de Grenoble n&rsquo;a pas souhait\u00e9 communiquer dans l&rsquo;imm\u00e9diat.<\/p>\n<p class=\"mb-4 text-lg md:leading-8 break-words\"><a data-ylk=\"slk:Lire la suite sur 20minutes;elm:context_link;itc:0;sec:content-canvas;\" data-yga=\"{&quot;yLinkElement&quot;:&quot;link&quot;,&quot;yLinkElementType&quot;:&quot;article_link&quot;}\" href=\"https:\/\/www.20minutes.fr\/faits_divers\/4237603-20260803-grenoble-corps-homme-decouvert-parc?at_medium=RSS%20feed&amp;at_campaign=ynews&amp;utm_source=yahoo&amp;utm_medium=rss&amp;utm_campaign=news_feed&amp;utm_content=read_more_link&quot;\" rel=\"noopener noreferrer nofollow\" target=\"_blank\">Lire la suite sur 20minutes<\/a><\/p>\n<p>\u00c0 lire aussi :<br \/><a data-ylk=\"slk:Gr\u00e8ce\u00a0: Le corps sans vie d&#039;une touriste britannique d\u00e9couvert dans une valise;elm:context_link;itc:0;sec:content-canvas;\" data-yga=\"{&quot;yLinkElement&quot;:&quot;link&quot;,&quot;yLinkElementType&quot;:&quot;article_link&quot;}\" href=\"https:\/\/www.20minutes.fr\/monde\/4237002-20260730-grece-corps-vie-touriste-britannique-decouvert-valise?at_medium=RSS%20feed&amp;at_campaign=ynews&amp;utm_source=yahoo&amp;utm_medium=rss&amp;utm_campaign=news_feed&amp;utm_content=related_content_link\" rel=\"noopener noreferrer nofollow\" target=\"_blank\">Gr\u00e8ce\u00a0: Le corps sans vie d&rsquo;une touriste britannique d\u00e9couvert dans une valise<\/a><br \/><a data-ylk=\"slk:Grenoble\u00a0: Un homme abattu dans la rue, il avait \u00e9t\u00e9 rep\u00e9r\u00e9 alors qu&#039;il regardait France Espagne \u00e0 la terrasse d&#039;un bar;elm:context_link;itc:0;sec:content-canvas;\" data-yga=\"{&quot;yLinkElement&quot;:&quot;link&quot;,&quot;yLinkElementType&quot;:&quot;article_link&quot;}\" href=\"https:\/\/www.20minutes.fr\/faits_divers\/4234574-20260715-grenoble-homme-abattu-rue-repere-alors-regardait-france-espagne-terrasse-bar?at_medium=RSS%20feed&amp;at_campaign=ynews&amp;utm_source=yahoo&amp;utm_medium=rss&amp;utm_campaign=news_feed&amp;utm_content=related_content_link\" rel=\"noopener noreferrer nofollow\" target=\"_blank\">Grenoble\u00a0: Un homme abattu dans la rue, il avait \u00e9t\u00e9 rep\u00e9r\u00e9 alors qu&rsquo;il regardait France Espagne \u00e0 la terrasse d&rsquo;un bar<\/a><\/p>\n","protected":false},"excerpt":{"rendered":"Pr\u00e8s d&rsquo;un lieu de deal &#8211; Le corps d&rsquo;un homme d&rsquo;une trentaine d&rsquo;ann\u00e9es sans papiers d&rsquo;identit\u00e9 a \u00e9t\u00e9&hellip;\n","protected":false},"author":2,"featured_media":1110465,"comment_status":"","ping_status":"","sticky":false,"template":"","format":"standard","meta":{"footnotes":"","_share_on_mastodon":"0"},"categories":[9566],"tags":[1111,11,2430,114136,6725,1777,674,1011,27,2731,4933,12,114135,25],"class_list":["post-1110464","post","type-post","status-publish","format-standard","has-post-thumbnail","category-grenoble","tag-actu","tag-actualites","tag-auvergne-rhone-alpes","tag-bachelard","tag-corps","tag-eu","tag-europe","tag-fr","tag-france","tag-grenoble","tag-homme","tag-news","tag-papiers-didentite","tag-republique-francaise"],"share_on_mastodon":{"url":"https:\/\/pubeurope.com\/@fr\/117045642246235621","error":""},"_links":{"self":[{"href":"https:\/\/www.europesays.com\/fr\/wp-json\/wp\/v2\/posts\/1110464","targetHints":{"allow":["GET"]}}],"collection":[{"href":"https:\/\/www.europesays.com\/fr\/wp-json\/wp\/v2\/posts"}],"about":[{"href":"https:\/\/www.europesays.com\/fr\/wp-json\/wp\/v2\/types\/post"}],"author":[{"embeddable":true,"href":"https:\/\/www.europesays.com\/fr\/wp-json\/wp\/v2\/users\/2"}],"replies":[{"embeddable":true,"href":"https:\/\/www.europesays.com\/fr\/wp-json\/wp\/v2\/comments?post=1110464"}],"version-history":[{"count":0,"href":"https:\/\/www.europesays.com\/fr\/wp-json\/wp\/v2\/posts\/1110464\/revisions"}],"wp:featuredmedia":[{"embeddable":true,"href":"https:\/\/www.europesays.com\/fr\/wp-json\/wp\/v2\/media\/1110465"}],"wp:attachment":[{"href":"https:\/\/www.europesays.com\/fr\/wp-json\/wp\/v2\/media?parent=1110464"}],"wp:term":[{"taxonomy":"category","embeddable":true,"href":"https:\/\/www.europesays.com\/fr\/wp-json\/wp\/v2\/categories?post=1110464"},{"taxonomy":"post_tag","embeddable":true,"href":"https:\/\/www.europesays.com\/fr\/wp-json\/wp\/v2\/tags?post=1110464"}],"curies":[{"name":"wp","href":"https:\/\/api.w.org\/{rel}","templated":true}]}}