{"id":111052,"date":"2025-05-19T06:03:10","date_gmt":"2025-05-19T06:03:10","guid":{"rendered":"https:\/\/www.europesays.com\/fr\/111052\/"},"modified":"2025-05-19T06:03:10","modified_gmt":"2025-05-19T06:03:10","slug":"toutes-les-etapes-de-la-restauration-du-portrait-du-roi-stanislas","status":"publish","type":"post","link":"https:\/\/www.europesays.com\/fr\/111052\/","title":{"rendered":"toutes les \u00e9tapes de la restauration du portrait du roi Stanislas"},"content":{"rendered":"<p>Offert \u00e0 l&rsquo;Acad\u00e9mie de Stanislas en fin d&rsquo;ann\u00e9e 2024, le portrait du Roi Stanislas, ainsi que son cadre, n\u00e9cessitaient une restauration. B\u00e9atrice Journet-Guerrier de Dumast s&rsquo;est occup\u00e9e de la toile et Emilie Ricour-Latourte, du cadre. Un travail de longue haleine, pour ces deux sp\u00e9cialistes nanc\u00e9iennes, qui a trouv\u00e9 son \u00e9pilogue tout r\u00e9cemment dans l&rsquo;accrochage de l&rsquo;oeuvre dans la salle de la soci\u00e9t\u00e9 savante.<\/p>\n","protected":false},"excerpt":{"rendered":"Offert \u00e0 l&rsquo;Acad\u00e9mie de Stanislas en fin d&rsquo;ann\u00e9e 2024, le portrait du Roi Stanislas, ainsi que son cadre,&hellip;\n","protected":false},"author":2,"featured_media":111053,"comment_status":"","ping_status":"","sticky":false,"template":"","format":"standard","meta":{"footnotes":""},"categories":[9635],"tags":[1111,11,1777,674,1011,27,2798,775,937,1702,12,3456,25],"class_list":{"0":"post-111052","1":"post","2":"type-post","3":"status-publish","4":"format-standard","5":"has-post-thumbnail","7":"category-nancy","8":"tag-actu","9":"tag-actualites","10":"tag-eu","11":"tag-europe","12":"tag-fr","13":"tag-france","14":"tag-galerie-photo","15":"tag-grand-est","16":"tag-histoire","17":"tag-nancy","18":"tag-news","19":"tag-region-lorraine","20":"tag-republique-francaise"},"share_on_mastodon":{"url":"https:\/\/pubeurope.com\/@fr\/114532987958936131","error":""},"_links":{"self":[{"href":"https:\/\/www.europesays.com\/fr\/wp-json\/wp\/v2\/posts\/111052","targetHints":{"allow":["GET"]}}],"collection":[{"href":"https:\/\/www.europesays.com\/fr\/wp-json\/wp\/v2\/posts"}],"about":[{"href":"https:\/\/www.europesays.com\/fr\/wp-json\/wp\/v2\/types\/post"}],"author":[{"embeddable":true,"href":"https:\/\/www.europesays.com\/fr\/wp-json\/wp\/v2\/users\/2"}],"replies":[{"embeddable":true,"href":"https:\/\/www.europesays.com\/fr\/wp-json\/wp\/v2\/comments?post=111052"}],"version-history":[{"count":0,"href":"https:\/\/www.europesays.com\/fr\/wp-json\/wp\/v2\/posts\/111052\/revisions"}],"wp:featuredmedia":[{"embeddable":true,"href":"https:\/\/www.europesays.com\/fr\/wp-json\/wp\/v2\/media\/111053"}],"wp:attachment":[{"href":"https:\/\/www.europesays.com\/fr\/wp-json\/wp\/v2\/media?parent=111052"}],"wp:term":[{"taxonomy":"category","embeddable":true,"href":"https:\/\/www.europesays.com\/fr\/wp-json\/wp\/v2\/categories?post=111052"},{"taxonomy":"post_tag","embeddable":true,"href":"https:\/\/www.europesays.com\/fr\/wp-json\/wp\/v2\/tags?post=111052"}],"curies":[{"name":"wp","href":"https:\/\/api.w.org\/{rel}","templated":true}]}}