{"id":111054,"date":"2025-05-19T06:04:08","date_gmt":"2025-05-19T06:04:08","guid":{"rendered":"https:\/\/www.europesays.com\/fr\/111054\/"},"modified":"2025-05-19T06:04:08","modified_gmt":"2025-05-19T06:04:08","slug":"de-retour-a-toulon-apres-5-mois-de-mer-le-second-maitre-celine-raconte-en-dessins-comment-elle-a-vecu-la-mission-clemenceau-25","status":"publish","type":"post","link":"https:\/\/www.europesays.com\/fr\/111054\/","title":{"rendered":"De retour \u00e0 Toulon apr\u00e8s 5 mois de mer, le second ma\u00eetre C\u00e9line raconte en dessins comment elle a v\u00e9cu la mission Clemenceau 25"},"content":{"rendered":"<p>Canal de Suez, Goa, Sri Lanka, passage de l\u2019\u00e9quateur, ou encore Bali\u2026 \u00c0 admirer ses dessins color\u00e9s bien dispos\u00e9s sur une table de la base navale, on s\u2019attendrait presque \u00e0 voir surgir Tintin ou encore Bob Morane, h\u00e9ros de notre enfance. Vu par le second ma\u00eetre (SM) C\u00e9line, alias Nautilustres, navigateur timonier \u00e0 bord de la fr\u00e9gate Provence, la mission Clemenceau 25 prend des allures de grande aventure maritime.<\/p>\n<p>Pour les 3.000 marins fran\u00e7ais qui ont particip\u00e9 \u00e0 ce d\u00e9ploiement exceptionnel, \u00e7a en fut une \u00e0 n\u2019en pas douter. Le SM C\u00e9line, que nous avions rencontr\u00e9e \u00e0 la fin du mois de novembre dernier (1), quelques jours \u00e0 peine avant qu\u2019elle n\u2019appareille de Toulon avec le groupe a\u00e9ronaval (GAN), ne le nie pas. Elle qui avait commenc\u00e9 sa carri\u00e8re dans les forces sous-marines, a cette fois d\u00e9couvert le monde en grand. Et en Technicolor! \u00ab\u00a0En termes d\u2019inspiration, c\u2019\u00e9tait vraiment super. Pendant cinq mois, tous les jours, j\u2019ai vu des choses diff\u00e9rentes. Je n\u2019ai jamais eu peur de la page blanche\u00a0\u00bb, confie la jeune femme.<\/p>\n<p>La reconnaissance de ses pairs<\/p>\n<p>Il ne valait mieux pas. Rep\u00e9r\u00e9e pour son coup de crayon rafra\u00eechissant, le SM C\u00e9line \u00e9tait en effet \u00ab\u00a0missionn\u00e9e\u00a0\u00bb par sa hi\u00e9rarchie pour raconter \u00e0 sa mani\u00e8re cette incroyable mission Clemenceau. Alors elle a tout croqu\u00e9, ou presque. M\u00eame ses petits ennuis m\u00e9dicaux qui l\u2019ont conduite pendant deux jours dans l\u2019h\u00f4pital du porte-avions Charles-de-Gaulle. \u00ab\u00a0En termes de communication, pour faire conna\u00eetre la Marine aux jeunes, le travail du SM C\u00e9line est tr\u00e8s int\u00e9ressant\u00a0\u00bb, commente l\u2019officier communication de la Force d\u2019action navale \u00e0 Toulon.<\/p>\n<p>Certes, le contrat n\u2019\u00e9tait pas trop contraignant \u2013 \u00ab\u00a0en moyenne, une publication sur Instagram toutes les deux semaines\u00a0\u00bb, pr\u00e9cise l\u2019illustratrice \u2013 mais cela venait en plus de ses quarts \u00e0 la passerelle. \u00ab\u00a0J\u2019ai bien \u00e9videmment r\u00e9alis\u00e9 les dessins sur mon temps libre. Parfois, j\u2019ai d\u00fb sacrifier des heures de sommeil pour finir des planches, mais j\u2019aurais de toute fa\u00e7on tenu un journal personnel\u00a0\u00bb, confie le SM C\u00e9line.<\/p>\n<p>Des efforts que la reconnaissance de ses pairs lui a vite fait oublier. \u00ab\u00a0En d\u00e9couvrant mon travail, plusieurs marins, ou parfois leurs familles \u00e0 terre, m\u2019ont pass\u00e9 des commandes. C\u2019est plut\u00f4t gratifiant.\u00a0\u00bb Son talent a m\u00eame d\u00e9pass\u00e9 les fronti\u00e8res. Pour preuve, ce marin japonais rencontr\u00e9 alors que le GAN s\u2019\u00e9tait aventur\u00e9 jusque dans l\u2019oc\u00e9an Pacifique, et que le SM C\u00e9line a immortalis\u00e9 \u2013 fa\u00e7on manga \u2013 \u00e0 sa demande.<\/p>\n<p>R\u00eaves polaires<\/p>\n<p>Cerise sur le\u2026 bateau, le SM C\u00e9line a m\u00eame eu droit aux honneurs de Cols-Bleus, le magazine de la Marine nationale. \u00ab\u00a0Un moment tr\u00e8s particulier\u00a0\u00bb, sourit-elle. Si elle garde la t\u00eate froide, la jeune femme, encourag\u00e9e par les commentaires positifs faits sur son travail artistique, aimerait bien faire quelque chose de sa production. Ses dessins sont la promesse d\u2019un tr\u00e8s beau carnet de voyage. Avis aux \u00e9diteurs.<\/p>\n<p>Mais la SM C\u00e9line n\u2019en a pas fini avec le grand large. \u00c0 l\u2019\u00e9t\u00e9, elle rejoindra la Guyane, sa nouvelle affectation, o\u00f9 elle sera \u00e0 la barre d\u2019un patrouilleur Antilles-Guyane de la Marine nationale. Avant m\u00eame de traverser l\u2019Atlantique, elle imagine d\u00e9j\u00e0 raconter son d\u00e9m\u00e9nagement. En dessins bien s\u00fbr et sur son compte Instagram: Nautilustres.<\/p>\n<p>Un bout de France en Am\u00e9rique du Sud qui la rapproche de son r\u00eave: \u00ab\u00a0Depuis mes d\u00e9buts dans la Marine nationale, je r\u00eave de rejoindre l\u2019Astrolabe qui ravitaille les bases en Antarctique.\u00a0\u00bb<\/p>\n<p>1. Voir \u00e9galement nos \u00e9ditions du 25 novembre 2024.<\/p>\n","protected":false},"excerpt":{"rendered":"Canal de Suez, Goa, Sri Lanka, passage de l\u2019\u00e9quateur, ou encore Bali\u2026 \u00c0 admirer ses dessins color\u00e9s bien&hellip;\n","protected":false},"author":2,"featured_media":111055,"comment_status":"","ping_status":"","sticky":false,"template":"","format":"standard","meta":{"footnotes":""},"categories":[9619],"tags":[1111,11,554,1777,674,1011,27,6128,12,882,25,2310],"class_list":{"0":"post-111054","1":"post","2":"type-post","3":"status-publish","4":"format-standard","5":"has-post-thumbnail","7":"category-toulon","8":"tag-actu","9":"tag-actualites","10":"tag-defense","11":"tag-eu","12":"tag-europe","13":"tag-fr","14":"tag-france","15":"tag-marine","16":"tag-news","17":"tag-provence-alpes-cote-dazur","18":"tag-republique-francaise","19":"tag-toulon"},"share_on_mastodon":{"url":"https:\/\/pubeurope.com\/@fr\/114532991933226400","error":""},"_links":{"self":[{"href":"https:\/\/www.europesays.com\/fr\/wp-json\/wp\/v2\/posts\/111054","targetHints":{"allow":["GET"]}}],"collection":[{"href":"https:\/\/www.europesays.com\/fr\/wp-json\/wp\/v2\/posts"}],"about":[{"href":"https:\/\/www.europesays.com\/fr\/wp-json\/wp\/v2\/types\/post"}],"author":[{"embeddable":true,"href":"https:\/\/www.europesays.com\/fr\/wp-json\/wp\/v2\/users\/2"}],"replies":[{"embeddable":true,"href":"https:\/\/www.europesays.com\/fr\/wp-json\/wp\/v2\/comments?post=111054"}],"version-history":[{"count":0,"href":"https:\/\/www.europesays.com\/fr\/wp-json\/wp\/v2\/posts\/111054\/revisions"}],"wp:featuredmedia":[{"embeddable":true,"href":"https:\/\/www.europesays.com\/fr\/wp-json\/wp\/v2\/media\/111055"}],"wp:attachment":[{"href":"https:\/\/www.europesays.com\/fr\/wp-json\/wp\/v2\/media?parent=111054"}],"wp:term":[{"taxonomy":"category","embeddable":true,"href":"https:\/\/www.europesays.com\/fr\/wp-json\/wp\/v2\/categories?post=111054"},{"taxonomy":"post_tag","embeddable":true,"href":"https:\/\/www.europesays.com\/fr\/wp-json\/wp\/v2\/tags?post=111054"}],"curies":[{"name":"wp","href":"https:\/\/api.w.org\/{rel}","templated":true}]}}