{"id":111056,"date":"2025-05-19T06:05:13","date_gmt":"2025-05-19T06:05:13","guid":{"rendered":"https:\/\/www.europesays.com\/fr\/111056\/"},"modified":"2025-05-19T06:05:13","modified_gmt":"2025-05-19T06:05:13","slug":"toulon-sur-arroux-deux-jours-danimations-pour-les-familles-avec-le-moulin-des-roches","status":"publish","type":"post","link":"https:\/\/www.europesays.com\/fr\/111056\/","title":{"rendered":"Toulon-sur-Arroux. Deux jours d\u2019animations pour les familles avec le Moulin des roches"},"content":{"rendered":"<p>Mercredi et jeudi, c\u2019est animations et soir\u00e9e d\u2019\u00e9change gratuites en direction des familles.<\/p>\n<p>  Jeux g\u00e9ants, troc, projection de courts m\u00e9trages<\/p>\n<p>Mercredi 21\u00a0mai, l\u2019Espace rencontre du Moulin des roches, en partenariat avec le foyer rural local et du Grand Autunois Morvan, convie les familles \u00e0 un apr\u00e8s-midi r\u00e9cr\u00e9atif, ludique, \u00e9ducatif et gratuit. \u00ab Diff\u00e9rents ateliers seront propos\u00e9s. Cela va de l\u2019imaginaire au c\u00f4t\u00e9 plus sportif\u00a0\u00bb, explique la pr\u00e9sidente du Moulin des roches Nathalie Chapuis. Le programme se d\u00e9roulera \u00e0 la salle Jean-Chandioux et sur la promenade. De 15\u00a0h \u00e0 17\u00a0h\u00a030, animations ouvertes \u00e0 tous devant les dix jeux g\u00e9ants provenant de Diverti\u2019Parc ou encore en pratiquant des trocs de plants, graines, l\u00e9gumes et fruits. Les amateurs de jeux de soci\u00e9t\u00e9, pourront \u00e9galement s\u2019affronter lors d\u2019une partie des 2030 glorieuses. \u00ab\u00a0Une rencontre qui laisse parler l\u2019imaginaire sous forme d\u2019un jeu d\u00e9pliant. Les participants pourront r\u00e9apprendre \u00e0 r\u00eaver et imaginer ce que sera le monde en 2030\u00a0\u00bb, souligne Nathalie Chapuis. De 17\u00a0h\u00a030 \u00e0 18\u00a0h\u00a030, apr\u00e8s la t\u00eate, les jambes prendront le relais. Une heure au cours de laquelle le spectateur sera invit\u00e9 \u00e0 p\u00e9daler \u00e0 tour de r\u00f4le pour g\u00e9n\u00e9rer l\u2019\u00e9nergie n\u00e9cessaire \u00e0 la projection de courts m\u00e9trages sur des th\u00e8mes environnementaux, \u00e0 destination des enfants comme des adultes.<\/p>\n<p>  D\u00e9bat sur le syst\u00e8me familial<\/p>\n<p>Le jeudi 22\u00a0mai, \u00e0 20\u00a0h, \u00e0 la salle d\u2019animations du Moulin des roches, changement de d\u00e9cor. En compagnie de Sandrine Galland\u00a0; th\u00e9rapeute de couple et de la famille, les participants seront invit\u00e9s \u00e0 d\u00e9battre sur la place de chacun dans le syst\u00e8me familial, trouver de nouveaux \u00e9quilibres grands-parents, parents, fr\u00e8res et s\u0153urs ou demi-fr\u00e8res et s\u0153urs, familles recompos\u00e9es. Entr\u00e9e gratuite.<\/p>\n","protected":false},"excerpt":{"rendered":"Mercredi et jeudi, c\u2019est animations et soir\u00e9e d\u2019\u00e9change gratuites en direction des familles. Jeux g\u00e9ants, troc, projection de&hellip;\n","protected":false},"author":2,"featured_media":111057,"comment_status":"","ping_status":"","sticky":false,"template":"","format":"standard","meta":{"footnotes":""},"categories":[9619],"tags":[1111,11,12568,1777,674,107,1011,27,14000,12,882,25,104,2310,13999,1631],"class_list":{"0":"post-111056","1":"post","2":"type-post","3":"status-publish","4":"format-standard","5":"has-post-thumbnail","7":"category-toulon","8":"tag-actu","9":"tag-actualites","10":"tag-edition-montceau-les-mines","11":"tag-eu","12":"tag-europe","13":"tag-fil-info","14":"tag-fr","15":"tag-france","16":"tag-montceau-les-mines-bassin","17":"tag-news","18":"tag-provence-alpes-cote-dazur","19":"tag-republique-francaise","20":"tag-societe","21":"tag-toulon","22":"tag-toulon-sur-arroux","23":"tag-vie-associative"},"share_on_mastodon":{"url":"https:\/\/pubeurope.com\/@fr\/114532995812585747","error":""},"_links":{"self":[{"href":"https:\/\/www.europesays.com\/fr\/wp-json\/wp\/v2\/posts\/111056","targetHints":{"allow":["GET"]}}],"collection":[{"href":"https:\/\/www.europesays.com\/fr\/wp-json\/wp\/v2\/posts"}],"about":[{"href":"https:\/\/www.europesays.com\/fr\/wp-json\/wp\/v2\/types\/post"}],"author":[{"embeddable":true,"href":"https:\/\/www.europesays.com\/fr\/wp-json\/wp\/v2\/users\/2"}],"replies":[{"embeddable":true,"href":"https:\/\/www.europesays.com\/fr\/wp-json\/wp\/v2\/comments?post=111056"}],"version-history":[{"count":0,"href":"https:\/\/www.europesays.com\/fr\/wp-json\/wp\/v2\/posts\/111056\/revisions"}],"wp:featuredmedia":[{"embeddable":true,"href":"https:\/\/www.europesays.com\/fr\/wp-json\/wp\/v2\/media\/111057"}],"wp:attachment":[{"href":"https:\/\/www.europesays.com\/fr\/wp-json\/wp\/v2\/media?parent=111056"}],"wp:term":[{"taxonomy":"category","embeddable":true,"href":"https:\/\/www.europesays.com\/fr\/wp-json\/wp\/v2\/categories?post=111056"},{"taxonomy":"post_tag","embeddable":true,"href":"https:\/\/www.europesays.com\/fr\/wp-json\/wp\/v2\/tags?post=111056"}],"curies":[{"name":"wp","href":"https:\/\/api.w.org\/{rel}","templated":true}]}}