{"id":111062,"date":"2025-05-19T06:08:08","date_gmt":"2025-05-19T06:08:08","guid":{"rendered":"https:\/\/www.europesays.com\/fr\/111062\/"},"modified":"2025-05-19T06:08:08","modified_gmt":"2025-05-19T06:08:08","slug":"direct-operations-escargots-des-taxis-en-provence-le-point-sur-la-circulation-a-7h-la-provence","status":"publish","type":"post","link":"https:\/\/www.europesays.com\/fr\/111062\/","title":{"rendered":"DIRECT. Op\u00e9rations escargots des taxis en Provence : le point sur la circulation \u00e0 7h &#8211; La Provence"},"content":{"rendered":"<ol>\n<li><a href=\"https:\/\/news.google.com\/rss\/articles\/CBMi7wFBVV95cUxQcjRZTF9iN051Y2JJa25uOU5QX054UFAyQ3g0Nk5yckg3RTc3SE9QQ1ZybGx2YXJaWjF1dFY2NVJRY0lSWDhHTXpmM2RzdDd3TGRXWldrYi0xOS1lemtoYVk2a1pLRDlIZWE1dkZPTE12NnM1WS1ad3o1Q092ejZfSzZXMVFkYWxhcG9UUGxWcXpQTnJrOUV3ZzE0aHJOQWhsV3JMVEFCZ0J1TkFOcUprVWJRS1BpaXA2MERPSndSVTVzc3NUOGEydzhBdUk3Z2JaZzRTZVJVNm1PeHdlZHd5NlAwU0wzY0lrR2lfSWt4dw?oc=5\" target=\"_blank\" rel=\"noopener\">DIRECT. Op\u00e9rations escargots des taxis en Provence : le point sur la circulation \u00e0 7h<\/a>&nbsp;&nbsp;La Provence<\/li>\n<li><a href=\"https:\/\/news.google.com\/rss\/articles\/CBMiwgFBVV95cUxOYlIyaUFjaEE3WU5rMDVJS1oycTBTZTQtVi15ZkdMZUk2Y1hHN1h3eHMyYk1DY2NFbmFFeVRtTzM0cUxGNTlVR1ZPV3NKTDk5WDZUYklnTTM4ZWVpdjhWRjNIWmZVenpiRmhHWEhzR1BUTGVpdDY5REI5TnB5LUM0VVFBQmlRajA1dDBENFhRYUZ0cWtzYkV1MnZ4cl90MkdXTUVQYkNPcjFpMjhvTDQ1Q2xpVjhCUGVMM2lGOHRNWlNXQQ?oc=5\" target=\"_blank\" rel=\"noopener\">Manifestation des taxis : un accident et des ralentissements sur les routes des Yvelines<\/a>&nbsp;&nbsp;Actu.fr<\/li>\n<li><a href=\"https:\/\/news.google.com\/rss\/articles\/CBMimgJBVV95cUxQLXZkOXlOSHItdC1aeWdtQ09ZeXlqTHp3eWhxd1llQjRTZHVQTzAyZ3psU1RpQXUzWS1PcGRlWm5pelp3VktfTk8xbHRhbUMxX0RIS3Fkd1dram1ZT2FsbC10YUhiSEIxRHhaSmZsY1VBS3dXTVVPdHFuT0FpV2drbVA4Snp4UGZpUEJaTlRxLVRBVF9NTzY4dE1EdjlPSmUtQUhFdnVIVTBpS1ZGbDgyVXJhbW5oSWFNNGdzaDdHQV9yZWdxWWVLbmVMamtfcVdPbzc5NnlYYWZIejlLdjRzeHFQT0dQbUpUUlUwcWN3QmsyTUdFZEphU1pFUmU3WHB5UmxEZHdLMFJXMjhET0ttWmZCZGFSMEJWSWc?oc=5\" target=\"_blank\" rel=\"noopener\">DIRECT. Manifestations des taxis en col\u00e8re : op\u00e9ration escargot sur le p\u00e9riph\u00e9rique de Toulouse ce lundi matin, mobilisation dans toute la France<\/a>&nbsp;&nbsp;ladepeche.fr<\/li>\n<li><a href=\"https:\/\/news.google.com\/rss\/articles\/CBMi5gFBVV95cUxOcDBUUGlncVg0QXV5Q0p3V2ctY01EOUt2VGVHTllvYzctbmZxMWhvQUJ6VFNIbmxMYVl0d1R2TWZ5VVVEb25ranQ3Vjc3dm1ubnhScEx6aXBnVV9QWWc3cUlKbnpUci1ubVJ1QXN0bFdJb1Z4M1FQZVRVMlc1RC0xUjVKOG9zZGJabkt1cnZPcW1NbjNOQi1mVTloTkh1RGNQem9CeTBQT0FhcXZ2dms5N0F0ZVpnR3F1ZDN5YVdjbXAtcWxwUWxYSlpWSzBsUmdHcWU1R3BWM2RfQm5WMDlUMnNtV1dpdw?oc=5\" target=\"_blank\" rel=\"noopener\">\u00ab\u00a0Nous en avons marre de nous faire racketter\u00a0\u00bb : les chauffeurs de taxis de la Ni\u00e8vre vont manifester<\/a>&nbsp;&nbsp;Le Journal du Centre<\/li>\n<\/ol>\n","protected":false},"excerpt":{"rendered":"DIRECT. Op\u00e9rations escargots des taxis en Provence : le point sur la circulation \u00e0 7h&nbsp;&nbsp;La Provence Manifestation des&hellip;\n","protected":false},"author":2,"featured_media":111063,"comment_status":"","ping_status":"","sticky":false,"template":"","format":"standard","meta":{"footnotes":""},"categories":[9587],"tags":[17,13344,1111,11,154,814,23000,1777,674,1011,27,12,5161,22999,1186,25,9590,104,9548],"class_list":{"0":"post-111062","1":"post","2":"type-post","3":"status-publish","4":"format-standard","5":"has-post-thumbnail","7":"category-rouen","8":"tag-17","9":"tag-a50","10":"tag-actu","11":"tag-actualites","12":"tag-des","13":"tag-direct","14":"tag-escargots","15":"tag-eu","16":"tag-europe","17":"tag-fr","18":"tag-france","19":"tag-news","20":"tag-normandie","21":"tag-operations","22":"tag-provence","23":"tag-republique-francaise","24":"tag-rouen","25":"tag-societe","26":"tag-taxis"},"share_on_mastodon":{"url":"https:\/\/pubeurope.com\/@fr\/114533007700552242","error":""},"_links":{"self":[{"href":"https:\/\/www.europesays.com\/fr\/wp-json\/wp\/v2\/posts\/111062","targetHints":{"allow":["GET"]}}],"collection":[{"href":"https:\/\/www.europesays.com\/fr\/wp-json\/wp\/v2\/posts"}],"about":[{"href":"https:\/\/www.europesays.com\/fr\/wp-json\/wp\/v2\/types\/post"}],"author":[{"embeddable":true,"href":"https:\/\/www.europesays.com\/fr\/wp-json\/wp\/v2\/users\/2"}],"replies":[{"embeddable":true,"href":"https:\/\/www.europesays.com\/fr\/wp-json\/wp\/v2\/comments?post=111062"}],"version-history":[{"count":0,"href":"https:\/\/www.europesays.com\/fr\/wp-json\/wp\/v2\/posts\/111062\/revisions"}],"wp:featuredmedia":[{"embeddable":true,"href":"https:\/\/www.europesays.com\/fr\/wp-json\/wp\/v2\/media\/111063"}],"wp:attachment":[{"href":"https:\/\/www.europesays.com\/fr\/wp-json\/wp\/v2\/media?parent=111062"}],"wp:term":[{"taxonomy":"category","embeddable":true,"href":"https:\/\/www.europesays.com\/fr\/wp-json\/wp\/v2\/categories?post=111062"},{"taxonomy":"post_tag","embeddable":true,"href":"https:\/\/www.europesays.com\/fr\/wp-json\/wp\/v2\/tags?post=111062"}],"curies":[{"name":"wp","href":"https:\/\/api.w.org\/{rel}","templated":true}]}}