{"id":111064,"date":"2025-05-19T06:09:11","date_gmt":"2025-05-19T06:09:11","guid":{"rendered":"https:\/\/www.europesays.com\/fr\/111064\/"},"modified":"2025-05-19T06:09:11","modified_gmt":"2025-05-19T06:09:11","slug":"hauts-de-rouen-dans-un-contexte-tendu-un-nouveau-terrain-de-football-va-etre-construit","status":"publish","type":"post","link":"https:\/\/www.europesays.com\/fr\/111064\/","title":{"rendered":"Hauts de Rouen. Dans un contexte tendu, un nouveau terrain de football va \u00eatre construit"},"content":{"rendered":"<p>            Par<br \/>\n        <strong><br \/>\n            <a href=\"https:\/\/actu.fr\/auteur\/yann-rivallan\" title=\"Consulter tous les articles de Yann Rivallan\" target=\"_blank\" rel=\"noopener\">Yann Rivallan<\/a><br \/>\n        <\/strong><\/p>\n<p>        Publi\u00e9 le<\/p>\n<p>            19 mai 2025 \u00e0 7h40        <\/p>\n<p>Il y aura bient\u00f4t <a href=\"https:\/\/actu.fr\/normandie\/rouen_76540\/voici-les-premieres-images-de-la-toute-nouvelle-piscine-sur-les-hauts-de-rouen_60576147.html\" target=\"_blank\" rel=\"noopener\">une nouvelle piscine<\/a>\u2009! Mais aussi un <strong>nouveau terrain de football<\/strong>. Dans le quartier des <a href=\"https:\/\/actu.fr\/tag\/hauts-de-rouen\" target=\"_blank\" rel=\"noopener\">Hauts de Rouen<\/a>, la Ville pr\u00e9voit de construire dans les prochains mois <strong>un terrain synth\u00e9tique<\/strong>, juste \u00e0 c\u00f4t\u00e9 de l\u2019emprise de l\u2019ancienne piscine Salomon. Une nouvelle installation qui se pr\u00e9pare <strong>dans un contexte tendu<\/strong> pour le monde du football amateur \u00e0 Rouen.\u00a0<\/p>\n<p>Un terrain \u00ab\u2009pour du 8\u00a0contre 8\u2009\u00bb<\/p>\n<p class=\" wall-content\">Sarah Vauzelle, adjointe au maire de Rouen en charge des Sports, nous en dit un peu plus. Ce fameux terrain sera <strong>fait \u00ab\u2009pour du 8\u00a0contre 8\u2009\u00bb<\/strong>, pr\u00e9sente-t-elle tout d\u2019abord. Il ne s\u2019agira donc pas d\u2019un grand terrain, mais plut\u00f4t d\u2019un \u00ab\u2009demi-terrain classique\u2009\u00bb, poursuit l\u2019\u00e9lue.<\/p>\n<p class=\" wall-content\">Pr\u00e9vu en pelouse synth\u00e9tique, il b\u00e9n\u00e9ficiera en premier lieu \u00e0 l\u2019\u00e9quipe locale\u2009: le Rouen Sapin Football Club. Un club qui compte tout de m\u00eame <strong>\u00ab\u2009pr\u00e8s de 450\u00a0licenci\u00e9s\u2009\u00bb<\/strong>, selon l\u2019adjointe au maire et qui avait grand besoin d\u2019un terrain suppl\u00e9mentaire pour accueillir convenablement ses plus jeunes sections.<\/p>\n<p>Pour les enfants et les entra\u00eenements l\u2019hiver<\/p>\n<p class=\" wall-content\">Car ce terrain plus petit sera <strong>\u00ab\u2009adapt\u00e9 aux enfants<\/strong> qui ne jouent pas encore sur des grands terrains\u2009\u00bb, pr\u00e9cise Sarah Vauzelle. En prime, cette nouvelle pelouse synth\u00e9tique pourra aussi servir aux entra\u00eenements des diff\u00e9rentes sections du club des Sapins, notamment <strong>lors des p\u00e9riodes hivernales<\/strong> durant lesquelles le terrain en pelouse naturelle est moins praticable.<\/p>\n<p class=\" wall-content\">Toujours dans cet effort de rendre le football accessible plus longtemps sur les Hauts de Rouen, ce nouveau terrain b\u00e9n\u00e9ficiera aussi d\u2019un \u00e9clairage. \u00ab\u2009Comme \u00e7a, il sera possible de l\u2019utiliser m\u00eame apr\u00e8s le coucher du soleil\u2009\u00bb, appuie l\u2019\u00e9dile.<\/p>\n<p class=\" wall-content\">En th\u00e9orie, le chantier devrait d\u00e9marrer d\u00e8s le mois de juillet\u00a02025. Suivront \u00ab\u2009environ deux mois\u2009\u00bb de travaux pour le terrassement, l\u2019installation de la cl\u00f4ture, l\u2019\u00e9clairage, etc. Normalement, ce nouveau terrain devrait <strong>voir le jour \u00ab\u2009\u00e0 l\u2019automne\u2009\u00bb<\/strong>, indique l\u2019adjointe.<\/p>\n<p>Les terrains, une denr\u00e9e rare \u00e0 Rouen<\/p>\n<p class=\" wall-content\">Pourtant, \u00e0 Rouen, les terrains de football <strong>restent une denr\u00e9e rare<\/strong>. S\u2019il y avait bel et bien \u00ab\u2009de la place\u2009\u00bb pour un nouveau terrain (de taille r\u00e9duite, certes) sur les Hauts de Rouen, tous les autres clubs de la Ville ne peuvent pas en dire autant.<\/p>\n<p class=\" wall-content\">Depuis quelques mois, la col\u00e8re gronde dans plusieurs clubs amateurs. <strong>Le manque de terrains, mais<\/strong>\u00a0aussi <a href=\"https:\/\/actu.fr\/normandie\/rouen_76540\/des-terrains-de-foot-dans-un-etat-lamentable-sur-l-ile-lacroix-a-rouen-et-la-mairie-ne-fait-rien_61960915.html\" target=\"_blank\" rel=\"noopener\">leur mauvais entretien<\/a> compliquent la pratique du sport le plus populaire du pays. Et notamment des sections de jeunes.<\/p>\n<p class=\" wall-content\">Pour ces raisons, la section football de l\u2019ASPTT Rouen <a href=\"https:\/\/actu.fr\/normandie\/rouen_76540\/a-rouen-cette-section-de-football-historique-pourrait-disparaitre-on-est-pris-a-la-gorge_62128080.html\" target=\"_blank\" rel=\"noopener\">va dispara\u00eetre<\/a>. Une difficult\u00e9 que Sarah Vauzelle ne conteste pas. Comme exprim\u00e9 dans de pr\u00e9c\u00e9dents articles, elle pointe <strong>\u00ab\u2009le manque de foncier\u2009\u00bb<\/strong> de la Ville de Rouen pour envisager la construction de nouveaux terrains.<\/p>\n<p class=\" wall-content\">Pour autant, la majorit\u00e9 municipale envisage d\u2019ici \u00e0 l\u2019ann\u00e9e prochaine de <strong>\u00ab\u2009refaire l\u2019\u00e9clairage\u2009\u00bb<\/strong> pour l\u2019un des terrains de l\u2019\u00cele Lacroix. L\u2019autre solution serait d\u2019en passer certains \u00ab\u2009en pelouse synth\u00e9tique [pour limiter l\u2019impact des intemp\u00e9ries et l\u2019entretien r\u00e9current]\u2009\u00bb, pense Sarah Vauzelle. Mais pour l\u2019heure, un tel chantier n\u2019est pas \u00e0 l\u2019ordre du jour. D\u2019autant que la prochaine \u00e9ch\u00e9ance \u00e9lectorale \u2014 les Municipales en mars 2026 \u2014 approche\u2026<\/p>\n<p>Suivez l\u2019actualit\u00e9 de Rouen sur <a href=\"https:\/\/www.whatsapp.com\/channel\/0029VaKfnf99hXF2ddApFB1D\" target=\"_blank\" rel=\"noopener\">notre cha\u00eene WhatsApp<\/a> et sur <a href=\"https:\/\/www.tiktok.com\/@76actu.fr?lang=fr\" target=\"_blank\" rel=\"noopener\">notre compte TikTok<\/a><\/p>\n<p class=\" wall-content\">Suivez toute l\u2019actualit\u00e9 de vos villes et m\u00e9dias favoris en vous inscrivant \u00e0 <a href=\"https:\/\/moncompte.actu.fr\" title=\"D\u00e9couvez Mon Actu\" rel=\"nofollow noopener\" data-trk=\"{&quot;cta&quot;:{&quot;action&quot;:&quot;https:\\\/\\\/moncompte.actu.fr&quot;,&quot;category&quot;:&quot;mon compte&quot;,&quot;from&quot;:&quot;article footer&quot;,&quot;name&quot;:&quot;Mon actu&quot;,&quot;type&quot;:&quot;cta&quot;}}\" target=\"_blank\">Mon Actu<\/a>.<\/p>\n<p>                    <script async src=\"\/\/www.tiktok.com\/embed.js\"><\/script><\/p>\n","protected":false},"excerpt":{"rendered":"Par Yann Rivallan Publi\u00e9 le 19 mai 2025 \u00e0 7h40 Il y aura bient\u00f4t une nouvelle piscine\u2009! Mais&hellip;\n","protected":false},"author":2,"featured_media":111065,"comment_status":"","ping_status":"","sticky":false,"template":"","format":"standard","meta":{"footnotes":""},"categories":[9587],"tags":[1111,11,1777,674,1011,27,12028,12,5161,25,9590,104],"class_list":{"0":"post-111064","1":"post","2":"type-post","3":"status-publish","4":"format-standard","5":"has-post-thumbnail","7":"category-rouen","8":"tag-actu","9":"tag-actualites","10":"tag-eu","11":"tag-europe","12":"tag-fr","13":"tag-france","14":"tag-hauts-de-rouen","15":"tag-news","16":"tag-normandie","17":"tag-republique-francaise","18":"tag-rouen","19":"tag-societe"},"share_on_mastodon":{"url":"https:\/\/pubeurope.com\/@fr\/114533011638631786","error":""},"_links":{"self":[{"href":"https:\/\/www.europesays.com\/fr\/wp-json\/wp\/v2\/posts\/111064","targetHints":{"allow":["GET"]}}],"collection":[{"href":"https:\/\/www.europesays.com\/fr\/wp-json\/wp\/v2\/posts"}],"about":[{"href":"https:\/\/www.europesays.com\/fr\/wp-json\/wp\/v2\/types\/post"}],"author":[{"embeddable":true,"href":"https:\/\/www.europesays.com\/fr\/wp-json\/wp\/v2\/users\/2"}],"replies":[{"embeddable":true,"href":"https:\/\/www.europesays.com\/fr\/wp-json\/wp\/v2\/comments?post=111064"}],"version-history":[{"count":0,"href":"https:\/\/www.europesays.com\/fr\/wp-json\/wp\/v2\/posts\/111064\/revisions"}],"wp:featuredmedia":[{"embeddable":true,"href":"https:\/\/www.europesays.com\/fr\/wp-json\/wp\/v2\/media\/111065"}],"wp:attachment":[{"href":"https:\/\/www.europesays.com\/fr\/wp-json\/wp\/v2\/media?parent=111064"}],"wp:term":[{"taxonomy":"category","embeddable":true,"href":"https:\/\/www.europesays.com\/fr\/wp-json\/wp\/v2\/categories?post=111064"},{"taxonomy":"post_tag","embeddable":true,"href":"https:\/\/www.europesays.com\/fr\/wp-json\/wp\/v2\/tags?post=111064"}],"curies":[{"name":"wp","href":"https:\/\/api.w.org\/{rel}","templated":true}]}}