{"id":1110666,"date":"2026-08-06T02:17:18","date_gmt":"2026-08-06T02:17:18","guid":{"rendered":"https:\/\/www.europesays.com\/fr\/1110666\/"},"modified":"2026-08-06T02:17:18","modified_gmt":"2026-08-06T02:17:18","slug":"gaza-benyamin-netanyahou-affirme-quisrael-na-pas-accepte-le-plan-soutenu-par-les-etats-unis","status":"publish","type":"post","link":"https:\/\/www.europesays.com\/fr\/1110666\/","title":{"rendered":"Gaza\u00a0: Benyamin Netanyahou affirme qu\u2019Isra\u00ebl n\u2019a pas accept\u00e9 le plan soutenu par les Etats-Unis"},"content":{"rendered":"<p>Le d\u00e9saccord persiste entre Isra\u00ebl et les m\u00e9diateurs am\u00e9ricains autour de la feuille de route propos\u00e9e pour la bande de Gaza. Mercredi, le Premier ministre isra\u00e9lien, <a href=\"https:\/\/www.20minutes.fr\/dossier\/benyamin_netanyahou\" target=\"_blank\" class=\"c-link c-link--is-underlined\" rel=\"nofollow noopener\">Benyamin Netanyahou<\/a>, a affirm\u00e9 que son gouvernement n\u2019avait pas accept\u00e9 le projet transmis par l\u2019\u00e9quipe de <a href=\"https:\/\/www.20minutes.fr\/dossier\/donald_trump\" target=\"_blank\" class=\"c-link c-link--is-underlined\" rel=\"nofollow noopener\">Donald Trump<\/a>, malgr\u00e9 des assurances selon lesquelles un retrait isra\u00e9lien n\u2019interviendrait qu\u2019apr\u00e8s le d\u00e9sarmement complet du Hamas.<\/p>\n<p>Selon Benyamin Netanyahou, \u00ab\u00a0l\u2019\u00e9quipe de Donald Trump nous a envoy\u00e9 un projet, que nous n\u2019avons pas accept\u00e9\u00a0: ce n\u2019est pas notre projet. Nous leur avons transmis nos commentaires\u00a0\u00bb. Quelques heures plus tard, lors d\u2019une c\u00e9r\u00e9monie, il a toutefois salu\u00e9 le pr\u00e9sident am\u00e9ricain, estimant qu\u2019il \u00e9tait \u00ab\u00a0notre plus grand ami, l\u2019un des plus grands amis qu\u2019Isra\u00ebl ait eus \u00e0 la Maison-Blanche\u00a0\u00bb, tout en rappelant que \u00ab\u00a0l\u2019existence d\u2019<a href=\"https:\/\/www.20minutes.fr\/monde\/israel\/\" target=\"_blank\" class=\"c-link c-link--is-underlined\" rel=\"nofollow noopener\">Isra\u00ebl<\/a> n\u2019est pas sujette \u00e0 n\u00e9gociation\u00a0\u00bb.<\/p>\n<p>Tsahal continuera \u00ab\u00a0d\u2019agir de fa\u00e7on proactive\u00a0\u00bb<\/p>\n<p>Le <a href=\"https:\/\/www.20minutes.fr\/monde\/hamas\/\" target=\"_blank\" class=\"c-link c-link--is-underlined\" rel=\"nofollow noopener\">Hamas<\/a> maintient de son c\u00f4t\u00e9 avoir approuv\u00e9 cette feuille de route, qui correspond \u00e0 la deuxi\u00e8me \u00e9tape du plan de paix annonc\u00e9 par Donald Trump et pr\u00e9voit un d\u00e9sarmement du mouvement islamiste en parall\u00e8le d\u2019un retrait progressif des forces isra\u00e9liennes de <a href=\"https:\/\/www.20minutes.fr\/monde\/gaza\/\" target=\"_blank\" class=\"c-link c-link--is-underlined\" rel=\"nofollow noopener\">Gaza<\/a>. Apr\u00e8s des inqui\u00e9tudes exprim\u00e9es par Isra\u00ebl, notamment au sein de l\u2019extr\u00eame droite, le \u00ab\u00a0Conseil de Paix\u00a0\u00bb mis en place par Donald Trump a assur\u00e9 \u00e0 Benyamin Netanyahou que l\u2019arm\u00e9e isra\u00e9lienne ne quitterait pas le territoire avant le d\u00e9sarmement \u00ab\u00a0complet\u00a0\u00bb du Hamas.<\/p>\n<p>Sur le terrain, le chef d\u2019\u00e9tat-major de l\u2019<a href=\"https:\/\/www.20minutes.fr\/dossier\/armee_israelienne\" target=\"_blank\" class=\"c-link c-link--is-underlined\" rel=\"nofollow noopener\">arm\u00e9e isra\u00e9lienne<\/a>, le lieutenant-g\u00e9n\u00e9ral Eyal Zamir, a indiqu\u00e9 mercredi que l\u2019arm\u00e9e continuerait \u00ab\u00a0d\u2019agir de fa\u00e7on proactive\u00a0\u00bb dans la bande de Gaza, dont elle contr\u00f4le plus de 60\u00a0%. En visite aupr\u00e8s de ses troupes, il a ajout\u00e9\u00a0: \u00ab\u00a0Nous ne permettrons pas qu\u2019une menace se forme \u00e0 nos fronti\u00e8res, comme celle que nous avons connue le 7\u00a0octobre.\u00a0\u00bb<\/p>\n<p>Une d\u00e9cision avec les \u00e9lections en toile de fond<\/p>\n<p>Le contexte politique p\u00e8se aussi sur ces discussions. Isra\u00ebl doit organiser des \u00e9lections l\u00e9gislatives en octobre, un scrutin pr\u00e9sent\u00e9 comme un test pour Benyamin Netanyahou, candidat \u00e0 un nouveau mandat. Selon les derniers sondages mentionn\u00e9s, une majorit\u00e9 d\u2019Isra\u00e9liens souhaitent son d\u00e9part, sur fond de critiques li\u00e9es aux d\u00e9faillances s\u00e9curitaires. Le cabinet de s\u00e9curit\u00e9, qui devait se r\u00e9unir mardi, a finalement report\u00e9 sa r\u00e9union \u00e0 jeudi, selon les m\u00e9dias isra\u00e9liens, en raison de la campagne pour les primaires du <a href=\"https:\/\/www.20minutes.fr\/dossier\/likoud\" target=\"_blank\" class=\"c-link c-link--is-underlined\" rel=\"nofollow noopener\">Likoud<\/a>.<\/p>\n<p><a href=\"https:\/\/www.20minutes.fr\/monde\/gaza\/\" target=\"_blank\" class=\"c-link c-btn c-btn--primary\" rel=\"nofollow noopener\">Notre dossier sur Gaza<\/a><\/p>\n<p>Le Hamas affirme enfin avoir obtenu l\u2019accord des autres factions palestiniennes sur cette feuille de route. Son porte-parole, Hazem Qassem, a d\u00e9clar\u00e9 mercredi \u00eatre \u00ab\u00a0parvenu \u00e0 un accord avec les factions palestiniennes sur la feuille de route pour la mise en \u0153uvre de l\u2019accord de cessez-le-feu\u00a0\u00bb. Il a aussi appel\u00e9 l\u2019administration am\u00e9ricaine et le repr\u00e9sentant du \u00ab\u00a0Conseil de Paix\u00a0\u00bb, Nicola\u00ef Mladenov, \u00ab\u00a0\u00e0 exercer une pression r\u00e9elle afin de contraindre le gouvernement de l\u2019occupation [\u2026] \u00e0 respecter l\u2019accord\u00a0\u00bb.<\/p>\n","protected":false},"excerpt":{"rendered":"Le d\u00e9saccord persiste entre Isra\u00ebl et les m\u00e9diateurs am\u00e9ricains autour de la feuille de route propos\u00e9e pour la&hellip;\n","protected":false},"author":2,"featured_media":1110667,"comment_status":"","ping_status":"","sticky":false,"template":"","format":"standard","meta":{"footnotes":"","_share_on_mastodon":"0"},"categories":[5],"tags":[47,11,952,75,73,1011,27,665,3519,14,664,74,12,28],"class_list":["post-1110666","post","type-post","status-publish","format-standard","has-post-thumbnail","category-international","tag-actualite","tag-actualites","tag-benyamin-netanyahou","tag-donald-trump","tag-etats-unis","tag-fr","tag-france","tag-gaza","tag-hamas","tag-international","tag-israel","tag-monde","tag-news","tag-world"],"share_on_mastodon":{"url":"https:\/\/pubeurope.com\/@fr\/117046165314593422","error":""},"_links":{"self":[{"href":"https:\/\/www.europesays.com\/fr\/wp-json\/wp\/v2\/posts\/1110666","targetHints":{"allow":["GET"]}}],"collection":[{"href":"https:\/\/www.europesays.com\/fr\/wp-json\/wp\/v2\/posts"}],"about":[{"href":"https:\/\/www.europesays.com\/fr\/wp-json\/wp\/v2\/types\/post"}],"author":[{"embeddable":true,"href":"https:\/\/www.europesays.com\/fr\/wp-json\/wp\/v2\/users\/2"}],"replies":[{"embeddable":true,"href":"https:\/\/www.europesays.com\/fr\/wp-json\/wp\/v2\/comments?post=1110666"}],"version-history":[{"count":0,"href":"https:\/\/www.europesays.com\/fr\/wp-json\/wp\/v2\/posts\/1110666\/revisions"}],"wp:featuredmedia":[{"embeddable":true,"href":"https:\/\/www.europesays.com\/fr\/wp-json\/wp\/v2\/media\/1110667"}],"wp:attachment":[{"href":"https:\/\/www.europesays.com\/fr\/wp-json\/wp\/v2\/media?parent=1110666"}],"wp:term":[{"taxonomy":"category","embeddable":true,"href":"https:\/\/www.europesays.com\/fr\/wp-json\/wp\/v2\/categories?post=1110666"},{"taxonomy":"post_tag","embeddable":true,"href":"https:\/\/www.europesays.com\/fr\/wp-json\/wp\/v2\/tags?post=1110666"}],"curies":[{"name":"wp","href":"https:\/\/api.w.org\/{rel}","templated":true}]}}