{"id":111072,"date":"2025-05-19T06:14:10","date_gmt":"2025-05-19T06:14:10","guid":{"rendered":"https:\/\/www.europesays.com\/fr\/111072\/"},"modified":"2025-05-19T06:14:10","modified_gmt":"2025-05-19T06:14:10","slug":"les-acces-du-centre-administratif-bloques-a-strasbourg-par-les-forains-les-taxis-sur-les-autoroutes","status":"publish","type":"post","link":"https:\/\/www.europesays.com\/fr\/111072\/","title":{"rendered":"les acc\u00e8s du centre administratif bloqu\u00e9s \u00e0 Strasbourg par les forains, les taxis sur les autoroutes"},"content":{"rendered":"<p>        \u00c0 Strasbourg, trois cort\u00e8ges sont pr\u00e9vus<\/p>\n<p>Du c\u00f4t\u00e9 des chauffeurs de taxi d\u00e9j\u00e0, deux convois sont annonc\u00e9s d\u00e8s 6 h. Le premier part de Brumath en direction du Nouvel h\u00f4pital civil via la rue de Saales, le boulevard de Lyon, le quai Louis Pasteur et le quai Menachem Taffel. Le second quitte Dorlisheim pour rejoindre Hautepierre via la M35, puis par la M351. Ces cort\u00e8ges pourraient occasionner d\u2019importants ralentissements sur la M35 (ex-A35) et les axes p\u00e9riph\u00e9riques de la capitale alsacienne.<\/p>\n<p>Les forains, eux, doivent quitter Metz au petit matin pour arriver via l\u2019A4 et la M35 place de l&rsquo;\u00c9toile, devant le centre administratif o\u00f9 se tient \u00e0 10 h le conseil municipal. Une op\u00e9ration escargot n\u2019est pas exclue.<\/p>\n<p>\u00c0 Colmar, un convoi d\u00e8s 11 h<\/p>\n<p>Plus de 80 taxis sont attendus. Le cort\u00e8ge partira de l\u2019Union des groupements artisanaux du Centre Alsace \u00e0 11 h, pour rejoindre la CPAM de Colmar. Des perturbations sont \u00e0 pr\u00e9voir dans la travers\u00e9e de la ville.<\/p>\n<p>\u00c0 Mulhouse, une mobilisation \u00e0 partir de 11 h<\/p>\n<p>Une cinquantaine de taxis pr\u00e9voient une op\u00e9ration escargot dans les rues de la ville. Ils se rassembleront \u00e0 11 h devant la gare, avant de se diriger vers la sous-pr\u00e9fecture, la CPAM puis la mairie, o\u00f9 un courrier de revendications sera d\u00e9pos\u00e9.<\/p>\n","protected":false},"excerpt":{"rendered":"\u00c0 Strasbourg, trois cort\u00e8ges sont pr\u00e9vus Du c\u00f4t\u00e9 des chauffeurs de taxi d\u00e9j\u00e0, deux convois sont annonc\u00e9s d\u00e8s&hellip;\n","protected":false},"author":2,"featured_media":111073,"comment_status":"","ping_status":"","sticky":false,"template":"","format":"standard","meta":{"footnotes":""},"categories":[2820],"tags":[1111,11,2389,2649,3542,2413,1636,2880,1777,674,274,107,1011,27,775,12,25,640,2803],"class_list":{"0":"post-111072","1":"post","2":"type-post","3":"status-publish","4":"format-standard","5":"has-post-thumbnail","7":"category-strasbourg","8":"tag-actu","9":"tag-actualites","10":"tag-alsace","11":"tag-bas-rhin","12":"tag-circulation","13":"tag-edition-colmar-guebwiller","14":"tag-edition-mulhouse-thann","15":"tag-edition-strasbourg","16":"tag-eu","17":"tag-europe","18":"tag-faits-divers-justice","19":"tag-fil-info","20":"tag-fr","21":"tag-france","22":"tag-grand-est","23":"tag-news","24":"tag-republique-francaise","25":"tag-strasbourg","26":"tag-transport"},"share_on_mastodon":{"url":"https:\/\/pubeurope.com\/@fr\/114533031325758699","error":""},"_links":{"self":[{"href":"https:\/\/www.europesays.com\/fr\/wp-json\/wp\/v2\/posts\/111072","targetHints":{"allow":["GET"]}}],"collection":[{"href":"https:\/\/www.europesays.com\/fr\/wp-json\/wp\/v2\/posts"}],"about":[{"href":"https:\/\/www.europesays.com\/fr\/wp-json\/wp\/v2\/types\/post"}],"author":[{"embeddable":true,"href":"https:\/\/www.europesays.com\/fr\/wp-json\/wp\/v2\/users\/2"}],"replies":[{"embeddable":true,"href":"https:\/\/www.europesays.com\/fr\/wp-json\/wp\/v2\/comments?post=111072"}],"version-history":[{"count":0,"href":"https:\/\/www.europesays.com\/fr\/wp-json\/wp\/v2\/posts\/111072\/revisions"}],"wp:featuredmedia":[{"embeddable":true,"href":"https:\/\/www.europesays.com\/fr\/wp-json\/wp\/v2\/media\/111073"}],"wp:attachment":[{"href":"https:\/\/www.europesays.com\/fr\/wp-json\/wp\/v2\/media?parent=111072"}],"wp:term":[{"taxonomy":"category","embeddable":true,"href":"https:\/\/www.europesays.com\/fr\/wp-json\/wp\/v2\/categories?post=111072"},{"taxonomy":"post_tag","embeddable":true,"href":"https:\/\/www.europesays.com\/fr\/wp-json\/wp\/v2\/tags?post=111072"}],"curies":[{"name":"wp","href":"https:\/\/api.w.org\/{rel}","templated":true}]}}