{"id":111074,"date":"2025-05-19T06:15:09","date_gmt":"2025-05-19T06:15:09","guid":{"rendered":"https:\/\/www.europesays.com\/fr\/111074\/"},"modified":"2025-05-19T06:15:09","modified_gmt":"2025-05-19T06:15:09","slug":"suivez-le-direct-en-video-decouvrez-les-points-a-surveiller","status":"publish","type":"post","link":"https:\/\/www.europesays.com\/fr\/111074\/","title":{"rendered":"suivez le direct en vid\u00e9o, d\u00e9couvrez les points \u00e0 surveiller"},"content":{"rendered":"<p class=\"insetTitle\">L&rsquo;ordre du jour additionnel<\/p>\n<p>En compl\u00e9ment de l&rsquo;ordre du jour, <a href=\"https:\/\/www.dna.fr\/politique\/2025\/05\/18\/les-quatre-questions-orales-du-groupe-union-de-la-droite-et-du-centre?preview=true\" target=\"_blank\" rel=\"noopener\">plusieurs points seront port\u00e9s \u00e0 l&rsquo;attention du conseil par les groupes minoritaires<\/a>. Jean-Philippe Vetter (LR) a d&rsquo;ores et d\u00e9j\u00e0 annonc\u00e9 quatre questions orales qui auront trait \u00a0:<\/p>\n<p>\u2022 A la rue M\u00e9lanie (le <a href=\"https:\/\/www.dna.fr\/politique\/2025\/05\/03\/rue-melanie-vetter-deplore-un-echec-patent\" target=\"_blank\" rel=\"noopener\">nouvel am\u00e9nagement<\/a>, probl\u00e9matique, est vis\u00e9)<br \/>\u2022 A la s\u00e9curit\u00e9 dans les quartiers Orangerie-Conseil des XV &#8211; Contades &#8211; Tribunal <br \/>\u2022 Au d\u00e9placement du march\u00e9 de Cronenbourg <br \/>\u2022 Au nouveau <a href=\"https:\/\/www.dna.fr\/economie\/2025\/05\/05\/bientot-demoli-l-ex-hotel-mercure-laissera-la-place-a-un-ensemble-immobilier\" target=\"_blank\" rel=\"noopener\">projet de l&rsquo;h\u00f4tel Mercure<\/a> &#8211; secteur Tivoli<\/p>\n<p>Pierre Jakubowicz, de son c\u00f4t\u00e9, a annonc\u00e9 pour le groupe Centristes et Progressistes une motion et sept questions orales. La motion, copr\u00e9sent\u00e9e par Pierre Jakubowicz et Rebecca Breitman, proposera un \u00ab soutien \u00e0 la panth\u00e9onisation d&rsquo;Ad\u00e9la\u00efde Hautval\u00a0\u00bb.<\/p>\n<p>Les questions orales porteront sur le r\u00e9am\u00e9nagement de la rue M\u00e9lanie, les nuisances li\u00e9es aux travaux du secteur des Halles, <a href=\"https:\/\/www.dna.fr\/economie\/2025\/04\/11\/cite-rotterdam-une-petition-lancee-pour-sauver-le-garage-des-xv\" target=\"_blank\" rel=\"noopener\">la p\u00e9rennit\u00e9 du garage des Quinze<\/a>, la politique d&rsquo;<a href=\"https:\/\/www.dna.fr\/environnement\/2025\/05\/13\/eclairage-nocturne-l-avis-des-strasbourgeois-pour-ajuster-les-extinctions\" target=\"_blank\" rel=\"noopener\">\u00e9clairage public<\/a>, la lutte contre les animaux liminaires, l&rsquo;acc\u00e8s aux documents administratifs et la probl\u00e9matique des \u00ab pistes cyclables tactiques\u00a0\u00bb.<\/p>\n","protected":false},"excerpt":{"rendered":"L&rsquo;ordre du jour additionnel En compl\u00e9ment de l&rsquo;ordre du jour, plusieurs points seront port\u00e9s \u00e0 l&rsquo;attention du conseil&hellip;\n","protected":false},"author":2,"featured_media":111075,"comment_status":"","ping_status":"","sticky":false,"template":"","format":"standard","meta":{"footnotes":""},"categories":[2820],"tags":[1111,11,2389,2649,1984,12255,2880,436,1777,674,107,1011,27,775,12,316,25,640,2879],"class_list":{"0":"post-111074","1":"post","2":"type-post","3":"status-publish","4":"format-standard","5":"has-post-thumbnail","7":"category-strasbourg","8":"tag-actu","9":"tag-actualites","10":"tag-alsace","11":"tag-bas-rhin","12":"tag-conseil-municipal","13":"tag-direct-actualite","14":"tag-edition-strasbourg","15":"tag-environnement","16":"tag-eu","17":"tag-europe","18":"tag-fil-info","19":"tag-fr","20":"tag-france","21":"tag-grand-est","22":"tag-news","23":"tag-politique","24":"tag-republique-francaise","25":"tag-strasbourg","26":"tag-strasbourg-ville"},"share_on_mastodon":{"url":"https:\/\/pubeurope.com\/@fr\/114533035145618433","error":""},"_links":{"self":[{"href":"https:\/\/www.europesays.com\/fr\/wp-json\/wp\/v2\/posts\/111074","targetHints":{"allow":["GET"]}}],"collection":[{"href":"https:\/\/www.europesays.com\/fr\/wp-json\/wp\/v2\/posts"}],"about":[{"href":"https:\/\/www.europesays.com\/fr\/wp-json\/wp\/v2\/types\/post"}],"author":[{"embeddable":true,"href":"https:\/\/www.europesays.com\/fr\/wp-json\/wp\/v2\/users\/2"}],"replies":[{"embeddable":true,"href":"https:\/\/www.europesays.com\/fr\/wp-json\/wp\/v2\/comments?post=111074"}],"version-history":[{"count":0,"href":"https:\/\/www.europesays.com\/fr\/wp-json\/wp\/v2\/posts\/111074\/revisions"}],"wp:featuredmedia":[{"embeddable":true,"href":"https:\/\/www.europesays.com\/fr\/wp-json\/wp\/v2\/media\/111075"}],"wp:attachment":[{"href":"https:\/\/www.europesays.com\/fr\/wp-json\/wp\/v2\/media?parent=111074"}],"wp:term":[{"taxonomy":"category","embeddable":true,"href":"https:\/\/www.europesays.com\/fr\/wp-json\/wp\/v2\/categories?post=111074"},{"taxonomy":"post_tag","embeddable":true,"href":"https:\/\/www.europesays.com\/fr\/wp-json\/wp\/v2\/tags?post=111074"}],"curies":[{"name":"wp","href":"https:\/\/api.w.org\/{rel}","templated":true}]}}