{"id":111076,"date":"2025-05-19T06:16:09","date_gmt":"2025-05-19T06:16:09","guid":{"rendered":"https:\/\/www.europesays.com\/fr\/111076\/"},"modified":"2025-05-19T06:16:09","modified_gmt":"2025-05-19T06:16:09","slug":"des-travaux-dembellissement-en-cours-sur-ce-carrefour-tres-emprunte-et-accidentogene-a-nice","status":"publish","type":"post","link":"https:\/\/www.europesays.com\/fr\/111076\/","title":{"rendered":"Des travaux d&#8217;embellissement en cours sur ce carrefour tr\u00e8s emprunt\u00e9 et accidentog\u00e8ne \u00e0 Nice"},"content":{"rendered":"<p>Rendre le quartier plus agr\u00e9able. C\u2019est essentiellement l\u2019objectif de ces travaux qui ont d\u00e9but\u00e9 d\u00e9but mai au carrefour de l\u2019Horloge. Le maire de Nice souhaite cr\u00e9er une \u00ab\u00a0place conviviale\u00a0\u00bb, en installant 260m\u00b2 d\u2019espaces verts.<\/p>\n<p>\u00ab\u00a0Elle viendra revaloriser la qualit\u00e9 de vie dans ce secteur commer\u00e7ant et dynamique\u00a0\u00bb, poursuit Christian Estrosi. Pour cela, 300.000 euros ont \u00e9t\u00e9 d\u00e9bloqu\u00e9s par la M\u00e9tropole.<\/p>\n<p>Les ouvriers travaillent actuellement sur l\u2019\u00e9largissement de la place accol\u00e9e \u00e0 la brasserie Le Cessole. Elle int\u00e9grera les arbres d\u00e9j\u00e0 pr\u00e9sents \u00e0 cet endroit et empi\u00e9tera d\u00e9sormais sur un bout de la route. Le terre-plein actuel, quelques m\u00e8tres plus loin, sera aussi v\u00e9g\u00e9talis\u00e9.<\/p>\n<p>Pas de changement pour la circulation<\/p>\n<p>              <img ci-src=\"https:\/\/www.nicematin.com\/vie-locale\/protec\/DATA_ART_15545510-aFIXwLsv.jpg?vh=9efc46&amp;ci_seal=bc5954d0b4\" alt=\"\"\/><br \/>\n        Au carrefour de l\u2019Horloge, le 16 mai. Le croisement va \u00eatre verdi et am\u00e9lior\u00e9.  <strong>Photo Marianne Fallon.<\/strong> <\/p>\n<p>En revanche, la circulation des v\u00e9hicules ne change pas: il sera toujours possible de rejoindre le boulevard de Cessole en descendant de l\u2019avenue Cyrille-Besset, via le tourne-\u00e0-gauche.<\/p>\n<p>\u00ab\u00a0En tant que riverain, je vais \u00eatre impact\u00e9 dans le bon sens. Ils vont planter des arbres, des fleurs\u00a0\u00bb, se r\u00e9jouit un commer\u00e7ant. \u00ab\u00a0C\u2019est s\u00fbr que \u00e7a va \u00eatre joli, mais \u00e7a ne manquait pas de verdure\u00a0\u00bb, nuance Gr\u00e9gory, riverain du boulevard.<\/p>\n<p>Car derri\u00e8re cette satisfaction de voir un quartier plus vert et plus agr\u00e9able, les habitants attendent davantage. La vie de Cessole a \u00e9t\u00e9 perturb\u00e9e par <a href=\"https:\/\/www.nicematin.com\/faits-divers\/tres-proche-de-jacques-medecin-lilou-dini-a-ete-mortellement-fauchee-par-un-scooter-a-nice-976621\" rel=\"nofollow noopener\" target=\"_blank\">les morts d\u2019une pi\u00e9tonne en mars<\/a>, fauch\u00e9e par un scooter, et <a href=\"https:\/\/www.nicematin.com\/faits-divers\/un-motard-d-une-vingtaines-d-annees-est-decede-dans-un-accident-a-nice-981729\" rel=\"nofollow noopener\" target=\"_blank\">d\u2019un motard en avril<\/a>. \u00ab\u00a0Si les gens circulaient tranquillement, \u00e7a irait, mais ils roulent \u00e0 pleine balle\u00a0\u00bb, regrette le commer\u00e7ant d\u00e9j\u00e0 cit\u00e9.<\/p>\n<p>M\u00eame son de cloche pour Gr\u00e9gory. Selon lui, le quartier est devenu dangereux depuis la mise en sens unique du boulevard Cessole et de l\u2019avenue Cyrille-Besset en octobre, pour accompagner <a href=\"https:\/\/www.nicematin.com\/vie-locale\/enorme-betise-colere-et-incomprehension-a-nice-nord-ou-les-rues-ont-change-de-sens-pour-accueillir-le-bus-tram-952907\" rel=\"nofollow noopener\" target=\"_blank\">l\u2019arriv\u00e9e du bus \u00e0 haut niveau de service<\/a>.<\/p>\n<p>Ce faisant, les deux axes sont devenus des lignes droites propices \u00e0 la grande vitesse. \u00ab\u00a0M\u00eame les bus roulent tr\u00e8s vite, ce qui occasionne des accidents mat\u00e9riels, voire mortels\u00a0\u00bb, regrette-t-il.<\/p>\n<p>\u00ab\u00a0On doit absolument faire ralentir les gens\u00a0\u00bb<\/p>\n<p>Deux solutions pour lui et de nombreux passants rencontr\u00e9s: installer des ralentisseurs et mettre en \u00e9vidence les passages pi\u00e9tons gr\u00e2ce \u00e0 des feux clignotants.<\/p>\n<p>\u00ab\u00a0Quand on est pi\u00e9tons, on ne nous laisse m\u00eame pas traverser aux passages\u00a0\u00bb, grince Anna, boulang\u00e8re, en soulevant une autre probl\u00e9matique: Antiboise, elle doit tous les matins chercher une place de stationnement, de plus en plus difficile \u00e0 trouver dans le quartier.<\/p>\n<p>La faute aux voitures tampon, selon notre commer\u00e7ant qui tient \u00e0 conserver l\u2019anonymat: \u00ab\u00a0Il faudrait que tout soit payant, mais je crois que \u00e7a avait \u00e9t\u00e9 refus\u00e9 au comit\u00e9 de quartier par les riverains. Pourtant, ce serait la seule bonne solution.\u00a0\u00bb<\/p>\n<p>Selon la mairie, les travaux d\u2019embellissement devraient s\u2019achever aux alentours de la mi-juillet, sous r\u00e9serve des intemp\u00e9ries.<\/p>\n","protected":false},"excerpt":{"rendered":"Rendre le quartier plus agr\u00e9able. C\u2019est essentiellement l\u2019objectif de ces travaux qui ont d\u00e9but\u00e9 d\u00e9but mai au carrefour&hellip;\n","protected":false},"author":2,"featured_media":111077,"comment_status":"","ping_status":"","sticky":false,"template":"","format":"standard","meta":{"footnotes":""},"categories":[2819],"tags":[1111,11,1777,674,1011,27,12,2401,882,25,3366],"class_list":{"0":"post-111076","1":"post","2":"type-post","3":"status-publish","4":"format-standard","5":"has-post-thumbnail","7":"category-nice","8":"tag-actu","9":"tag-actualites","10":"tag-eu","11":"tag-europe","12":"tag-fr","13":"tag-france","14":"tag-news","15":"tag-nice","16":"tag-provence-alpes-cote-dazur","17":"tag-republique-francaise","18":"tag-vie-locale"},"share_on_mastodon":{"url":"https:\/\/pubeurope.com\/@fr\/114533039126621718","error":""},"_links":{"self":[{"href":"https:\/\/www.europesays.com\/fr\/wp-json\/wp\/v2\/posts\/111076","targetHints":{"allow":["GET"]}}],"collection":[{"href":"https:\/\/www.europesays.com\/fr\/wp-json\/wp\/v2\/posts"}],"about":[{"href":"https:\/\/www.europesays.com\/fr\/wp-json\/wp\/v2\/types\/post"}],"author":[{"embeddable":true,"href":"https:\/\/www.europesays.com\/fr\/wp-json\/wp\/v2\/users\/2"}],"replies":[{"embeddable":true,"href":"https:\/\/www.europesays.com\/fr\/wp-json\/wp\/v2\/comments?post=111076"}],"version-history":[{"count":0,"href":"https:\/\/www.europesays.com\/fr\/wp-json\/wp\/v2\/posts\/111076\/revisions"}],"wp:featuredmedia":[{"embeddable":true,"href":"https:\/\/www.europesays.com\/fr\/wp-json\/wp\/v2\/media\/111077"}],"wp:attachment":[{"href":"https:\/\/www.europesays.com\/fr\/wp-json\/wp\/v2\/media?parent=111076"}],"wp:term":[{"taxonomy":"category","embeddable":true,"href":"https:\/\/www.europesays.com\/fr\/wp-json\/wp\/v2\/categories?post=111076"},{"taxonomy":"post_tag","embeddable":true,"href":"https:\/\/www.europesays.com\/fr\/wp-json\/wp\/v2\/tags?post=111076"}],"curies":[{"name":"wp","href":"https:\/\/api.w.org\/{rel}","templated":true}]}}