{"id":111080,"date":"2025-05-19T06:18:21","date_gmt":"2025-05-19T06:18:21","guid":{"rendered":"https:\/\/www.europesays.com\/fr\/111080\/"},"modified":"2025-05-19T06:18:21","modified_gmt":"2025-05-19T06:18:21","slug":"une-fresque-murale-en-echo-a-la-memoire-de-lafrique-a-nantes","status":"publish","type":"post","link":"https:\/\/www.europesays.com\/fr\/111080\/","title":{"rendered":"Une fresque murale en \u00e9cho \u00e0 la m\u00e9moire de l\u2019Afrique \u00e0 Nantes"},"content":{"rendered":"<p>Une femme avec un pagne bleu aux fleurs jaunes qui coiffe sa fille. Une autre femme, une Amazone, le poing lev\u00e9 et le visage d\u00e9termin\u00e9. Et enfin un graff. Tout est dit dans ces trois \u0153uvres murales (\u00e0 voir au 99, quai du Pr\u00e9sident-Wilson) sign\u00e9es \u00c9lise Tokudagba et Houef\u2019art, deux artistes b\u00e9ninoises.<\/p>\n<p>Le graff invite \u00e0 ne jamais renoncer \u00e0 savoir. <strong>\u00ab\u00a0Pour raconter la vraie histoire, il faut apprendre \u00e0 la conna\u00eetre,<\/strong> insiste Houef\u2019art, <strong>il faut donc tout dire, ne rien cacher.\u00a0\u00bb<\/strong> Une obligation morale qui s\u2019inscrit dans une <a href=\"https:\/\/nantes.maville.com\/actu\/actudet_-nantes.-nantes-une-ville-qui-assume-son-passe-esclavagiste-_52716-4959460_actu.Htm\" target=\"_self\" rel=\"noopener\">histoire, celle de Nantes et de l\u2019Afrique, celle de la cit\u00e9 des Ducs et du juteux commerce triangulaire, la traite n\u00e9gri\u00e8re, l\u2019esclavage.<\/a><\/p>\n<p>Conna\u00eetre, et r\u00e9sister, comme semble inviter \u00e0 le faire cette Amazone, poing brandi, regard fier et conqu\u00e9rant, tout droit sorti de l\u2019histoire du B\u00e9nin et de ce peuple mythique de femmes guerri\u00e8res. <strong>\u00ab\u00a0Dans l\u2019ancien B\u00e9nin, jadis le Dahomey,<\/strong> d\u00e9taille Houef\u2019art, <strong>c\u2019\u00e9taient ces femmes-l\u00e0 que le roi envoyait combattre, car elles avaient une formation militaire et de surcro\u00eet, elles \u00e9taient belles.\u00a0\u00bb<\/strong><\/p>\n<p>Tresses et messages secrets<\/p>\n<p>Cette Amazone, Houef\u2019art, l\u2019habille d\u2019un beau drap\u00e9 multicolore. <strong>\u00ab\u00a0Parce que l\u2019Afrique, ce n\u2019est pas que le B\u00e9nin, c\u2019est tous ces pays.\u00a0\u00bb<\/strong> Dans ce triptyque mural, le troisi\u00e8me volet repr\u00e9sente une m\u00e8re coiffant sa fille et lui faisant des tresses.<\/p>\n<p>Plus qu\u2019une simple esth\u00e9tique capillaire, une authentique communication, <strong>\u00ab\u00a0car les tresses permettaient de transmettre des messages \u00e0 l\u2019insu du colonisateur\u00a0\u00bb, <\/strong>traduit Houef\u2019art, \u00c9lise Tokudagba ne s\u2019exprimant qu\u2019en fon, la langue de l\u2019ancien royaume du Dahomey. La langue, une autre fa\u00e7on de r\u00e9sister. Les deux artistes doivent achever leur fresque en ce d\u00e9but de semaine.<\/p>\n<p>\u00a0<\/p>\n","protected":false},"excerpt":{"rendered":"Une femme avec un pagne bleu aux fleurs jaunes qui coiffe sa fille. Une autre femme, une Amazone,&hellip;\n","protected":false},"author":2,"featured_media":111081,"comment_status":"","ping_status":"","sticky":false,"template":"","format":"standard","meta":{"footnotes":""},"categories":[2818],"tags":[1111,11,879,23003,1777,674,1011,27,23001,280,23002,766,12,2636,25],"class_list":{"0":"post-111080","1":"post","2":"type-post","3":"status-publish","4":"format-standard","5":"has-post-thumbnail","7":"category-nantes","8":"tag-actu","9":"tag-actualites","10":"tag-afrique","11":"tag-echo","12":"tag-eu","13":"tag-europe","14":"tag-fr","15":"tag-france","16":"tag-fresque","17":"tag-memoire","18":"tag-murale","19":"tag-nantes","20":"tag-news","21":"tag-pays-de-la-loire","22":"tag-republique-francaise"},"share_on_mastodon":{"url":"https:\/\/pubeurope.com\/@fr\/114533047182776854","error":""},"_links":{"self":[{"href":"https:\/\/www.europesays.com\/fr\/wp-json\/wp\/v2\/posts\/111080","targetHints":{"allow":["GET"]}}],"collection":[{"href":"https:\/\/www.europesays.com\/fr\/wp-json\/wp\/v2\/posts"}],"about":[{"href":"https:\/\/www.europesays.com\/fr\/wp-json\/wp\/v2\/types\/post"}],"author":[{"embeddable":true,"href":"https:\/\/www.europesays.com\/fr\/wp-json\/wp\/v2\/users\/2"}],"replies":[{"embeddable":true,"href":"https:\/\/www.europesays.com\/fr\/wp-json\/wp\/v2\/comments?post=111080"}],"version-history":[{"count":0,"href":"https:\/\/www.europesays.com\/fr\/wp-json\/wp\/v2\/posts\/111080\/revisions"}],"wp:featuredmedia":[{"embeddable":true,"href":"https:\/\/www.europesays.com\/fr\/wp-json\/wp\/v2\/media\/111081"}],"wp:attachment":[{"href":"https:\/\/www.europesays.com\/fr\/wp-json\/wp\/v2\/media?parent=111080"}],"wp:term":[{"taxonomy":"category","embeddable":true,"href":"https:\/\/www.europesays.com\/fr\/wp-json\/wp\/v2\/categories?post=111080"},{"taxonomy":"post_tag","embeddable":true,"href":"https:\/\/www.europesays.com\/fr\/wp-json\/wp\/v2\/tags?post=111080"}],"curies":[{"name":"wp","href":"https:\/\/api.w.org\/{rel}","templated":true}]}}