{"id":1110880,"date":"2026-08-06T05:11:17","date_gmt":"2026-08-06T05:11:17","guid":{"rendered":"https:\/\/www.europesays.com\/fr\/1110880\/"},"modified":"2026-08-06T05:11:17","modified_gmt":"2026-08-06T05:11:17","slug":"chez-google-le-grand-menage-a-la-tete-de-lintelligence-artificielle","status":"publish","type":"post","link":"https:\/\/www.europesays.com\/fr\/1110880\/","title":{"rendered":"Chez Google, le grand m\u00e9nage \u00e0 la t\u00eate de l\u2019intelligence artificielle"},"content":{"rendered":"<p>\n    Le g\u00e9ant de Mountain View a annonc\u00e9 mercredi une r\u00e9organisation majeure de sa division d\u2019intelligence artificielle. Demis Hassabis quitte la direction op\u00e9rationnelle tandis que plusieurs chercheurs de renom s\u2019en vont.<\/p>\n<p class=\"fig-paragraph\"><a href=\"https:\/\/www.lefigaro.fr\/tag\/google\" target=\"_blank\" data-fig-type=\"Keyword\" rel=\"noopener nofollow\" data-gtm-custom-categorie=\"navigation\" data-gtm-custom-action=\"crossclick\" data-gtm-custom-label=\"Contextuel\" data-gtm-event=\"customEventSPE\" data-fig-domain=\"LEFIGARO\">Google<\/a>\u00a0a annonc\u00e9 mercredi une r\u00e9organisation majeure de sa division d&rsquo;<a href=\"https:\/\/www.lefigaro.fr\/tag\/intelligence-artificielle\" target=\"_blank\" data-fig-type=\"Keyword\" rel=\"noopener nofollow\" data-gtm-custom-categorie=\"navigation\" data-gtm-custom-action=\"crossclick\" data-gtm-custom-label=\"Contextuel\" data-gtm-event=\"customEventSPE\" data-fig-domain=\"LEFIGARO\">intelligence artificielle (IA)<\/a>, avec le retrait de son dirigeant embl\u00e9matique, Demis Hassabis, de la gestion quotidienne et le d\u00e9part de plusieurs chercheurs de premier plan, sur fond de retard face \u00e0 OpenAI et Anthropic. L&rsquo;action d&rsquo;Alphabet, la maison m\u00e8re de Google, a perdu environ 4% mercredi apr\u00e8s cette annonce.<\/p>\n<p class=\"fig-paragraph\">Demis Hassabis, prix Nobel de chimie 2024 et cofondateur de DeepMind, abandonne la direction op\u00e9rationnelle de Google DeepMind, le laboratoire qui con\u00e7oit les mod\u00e8les d&rsquo;IA Gemini. Le Britannique devient pr\u00e9sident (chairman) de cette entit\u00e9 et directeur scientifique d&rsquo;Alphabet, pour se consacrer, \u00e9crit-il dans un message aux salari\u00e9s, \u00e0 l&rsquo;av\u00e8nement de \u00abl&rsquo;intelligence artificielle g\u00e9n\u00e9rale\u00bb (AGI), ce stade selon lui \u00ab\u00e0 port\u00e9e de main\u00bb o\u00f9 l&rsquo;IA deviendrait aussi capable que le cerveau humain.<\/p>\n<p>                                            <a class=\"fig-a11y-skip\" href=\"#fig-a11y-skip-main-inarticle\" is=\"fig-a11y-skip\" data-trigger-mode=\"visible-once\"><br \/>\n    Passer la publicit\u00e9<br \/>\n<\/a>            <\/p>\n<p class=\"fig-paragraph\">Ce remaniement intervient alors que le g\u00e9ant de Mountain View (Californie) peine \u00e0 suivre le rythme de la t\u00eate de la course \u00e0 l&rsquo;IA, apr\u00e8s avoir pourtant fait une partie de son retard. Son nouveau mod\u00e8le phare, Gemini 3.5 Pro, initialement promis pour juin, n&rsquo;est toujours pas sorti, quand ses concurrents OpenAI (ChatGPT) et Anthropic (Claude) ont lanc\u00e9 plusieurs mod\u00e8les jug\u00e9s plus performants, notamment pour g\u00e9n\u00e9rer du code informatique.<\/p>\n<p>                                            Virage commercial<\/p>\n<p class=\"fig-paragraph\">La gestion quotidienne de Google DeepMind revient \u00e0 Koray Kavukcuoglu, jusqu&rsquo;ici directeur technique du laboratoire. Signe d&rsquo;une reprise en main, il sera directement rattach\u00e9 au patron de Google et Alphabet, Sundar Pichai, avec un titre de vice-pr\u00e9sident senior, et non de directeur g\u00e9n\u00e9ral. Selon plusieurs m\u00e9dias am\u00e9ricains, sa nomination devrait accentuer l&rsquo;orientation commerciale plut\u00f4t que scientifique de DeepMind. L&rsquo;application Gemini revendique plus de 950 millions d&rsquo;utilisateurs mensuels.<\/p>\n<p class=\"fig-paragraph\">Le groupe annonce au m\u00eame moment plusieurs d\u00e9parts retentissants dont celui, apr\u00e8s 27 ans de maison, de Jeff Dean, consid\u00e9r\u00e9 comme l&rsquo;un des p\u00e8res de l&rsquo;infrastructure technique de Google. Avec trois autres chercheurs de renom &#8211; Sanjay Ghemawat, Oriol Vinyals et Quoc Le, il fonde Discovery Loop, une start-up qui entend automatiser la recherche scientifique gr\u00e2ce \u00e0 l&rsquo;IA. Google a investi dans la nouvelle entreprise et lui fournira de la puissance de calcul, a pr\u00e9cis\u00e9 Sundar Pichai.<\/p>\n<p class=\"fig-paragraph\">Ces changements s&rsquo;ajoutent \u00e0 une h\u00e9morragie de talents: en juin, Noam Shazeer, l&rsquo;un des inventeurs de la technologie derri\u00e8re les IA g\u00e9n\u00e9ratives actuelles, est parti chez OpenAI, tandis que John Jumper, co-laur\u00e9at du Nobel avec M. Hassabis, a rejoint Anthropic, l&rsquo;autre champion de l&rsquo;IA de San Francisco.<\/p>\n","protected":false},"excerpt":{"rendered":"Le g\u00e9ant de Mountain View a annonc\u00e9 mercredi une r\u00e9organisation majeure de sa division d\u2019intelligence artificielle. Demis Hassabis&hellip;\n","protected":false},"author":2,"featured_media":1110881,"comment_status":"","ping_status":"","sticky":false,"template":"","format":"standard","meta":{"footnotes":"","_share_on_mastodon":"0"},"categories":[6],"tags":[35,33,34,1011,27,323,223],"class_list":["post-1110880","post","type-post","status-publish","format-standard","has-post-thumbnail","category-economie","tag-business","tag-economie","tag-economy","tag-fr","tag-france","tag-google","tag-intelligence-artificielle"],"share_on_mastodon":{"url":"https:\/\/pubeurope.com\/@fr\/117046849400603812","error":""},"_links":{"self":[{"href":"https:\/\/www.europesays.com\/fr\/wp-json\/wp\/v2\/posts\/1110880","targetHints":{"allow":["GET"]}}],"collection":[{"href":"https:\/\/www.europesays.com\/fr\/wp-json\/wp\/v2\/posts"}],"about":[{"href":"https:\/\/www.europesays.com\/fr\/wp-json\/wp\/v2\/types\/post"}],"author":[{"embeddable":true,"href":"https:\/\/www.europesays.com\/fr\/wp-json\/wp\/v2\/users\/2"}],"replies":[{"embeddable":true,"href":"https:\/\/www.europesays.com\/fr\/wp-json\/wp\/v2\/comments?post=1110880"}],"version-history":[{"count":0,"href":"https:\/\/www.europesays.com\/fr\/wp-json\/wp\/v2\/posts\/1110880\/revisions"}],"wp:featuredmedia":[{"embeddable":true,"href":"https:\/\/www.europesays.com\/fr\/wp-json\/wp\/v2\/media\/1110881"}],"wp:attachment":[{"href":"https:\/\/www.europesays.com\/fr\/wp-json\/wp\/v2\/media?parent=1110880"}],"wp:term":[{"taxonomy":"category","embeddable":true,"href":"https:\/\/www.europesays.com\/fr\/wp-json\/wp\/v2\/categories?post=1110880"},{"taxonomy":"post_tag","embeddable":true,"href":"https:\/\/www.europesays.com\/fr\/wp-json\/wp\/v2\/tags?post=1110880"}],"curies":[{"name":"wp","href":"https:\/\/api.w.org\/{rel}","templated":true}]}}