{"id":11109,"date":"2025-04-08T20:48:12","date_gmt":"2025-04-08T20:48:12","guid":{"rendered":"https:\/\/www.europesays.com\/fr\/11109\/"},"modified":"2025-04-08T20:48:12","modified_gmt":"2025-04-08T20:48:12","slug":"lamendement-qui-pourrait-chambouler-la-reforme-de-la-loi-plm","status":"publish","type":"post","link":"https:\/\/www.europesays.com\/fr\/11109\/","title":{"rendered":"l\u2019amendement qui pourrait chambouler la r\u00e9forme de la loi PLM"},"content":{"rendered":"<p>Remettre les trois plus grandes villes de France (Paris, Marseille et Lyon) <a href=\"https:\/\/www.laprovence.com\/article\/politique\/2757023773062714\/plm-les-trois-points-cles-de-la-loi-avant-le-vote-ce-lundi\" target=\"_blank\" rel=\"nofollow noopener\">dans le droit commun du mode de scrutin des municipales<\/a>\u00a0: c\u2019\u00e9tait le principal argument pour justifier le soutien du gouvernement et d\u2019une partie de la macronie \u00e0 la r\u00e9forme de la loi PLM, malgr\u00e9 l\u2019opposition du PS parisien et de la droite marseillaise.<\/p>\n<p>Mais un amendement d\u00e9pos\u00e9 <a href=\"https:\/\/www.laprovence.com\/article\/politique\/1126312169447715\/le-rapporteur-modem-jean-paul-mattei-veut-tout-faire-pour-trouver-un-compromis-sur-la-loi-plmhttps:\/\/www.laprovence.com\/article\/politique\/1126312169447715\/le-rapporteur-modem-jean-paul-mattei-veut-tout-faire-pour-trouver-un-compromis-sur-la-loi-plm\" target=\"_blank\" rel=\"nofollow noopener\">par le rapporteur (Modem) du texte, Jean-Paul Mattei<\/a>, pourrait bien remettre en cause cet \u00e9difice fragile\u00a0: il propose de sortir le cas de la commune de Lyon des d\u00e9bats qui <a href=\"https:\/\/www.laprovence.com\/article\/politique\/4559779267723114\/municipales-a-marseille-la-reforme-de-la-loi-plm-debattue-a-l-assemblee-ce-lundi-7-avril\" target=\"_blank\" rel=\"nofollow noopener\">d\u00e9butent ce lundi 7\u00a0avril en fin d\u2019apr\u00e8s-midi \u00e0 l\u2019Assembl\u00e9e nationale<\/a>.<\/p>\n<p>De la loi PLM \u00e0 la loi PM\u00a0?<\/p>\n<p>Dans les expos\u00e9s de cet amendement, Jean-Paul Mattei entend \u00ab\u00a0traduire le consensus qui s\u2019est d\u00e9gag\u00e9 lors des derni\u00e8res semaines de consultation avec les \u00e9lus lyonnais\u00a0\u00bb.<\/p>\n","protected":false},"excerpt":{"rendered":"Remettre les trois plus grandes villes de France (Paris, Marseille et Lyon) dans le droit commun du mode&hellip;\n","protected":false},"author":2,"featured_media":11110,"comment_status":"","ping_status":"","sticky":false,"template":"","format":"standard","meta":{"footnotes":""},"categories":[2814],"tags":[17,1111,11,1777,674,1011,27,5382,2428,884,12,626,5261,316,2864,882,3583,25],"class_list":{"0":"post-11109","1":"post","2":"type-post","3":"status-publish","4":"format-standard","5":"has-post-thumbnail","7":"category-marseille","8":"tag-17","9":"tag-actu","10":"tag-actualites","11":"tag-eu","12":"tag-europe","13":"tag-fr","14":"tag-france","15":"tag-lamendement","16":"tag-lyon","17":"tag-marseille","18":"tag-news","19":"tag-paris","20":"tag-pas","21":"tag-politique","22":"tag-pourrait","23":"tag-provence-alpes-cote-dazur","24":"tag-qui","25":"tag-republique-francaise"},"share_on_mastodon":{"url":"https:\/\/pubeurope.com\/@fr\/114304313126262645","error":""},"_links":{"self":[{"href":"https:\/\/www.europesays.com\/fr\/wp-json\/wp\/v2\/posts\/11109","targetHints":{"allow":["GET"]}}],"collection":[{"href":"https:\/\/www.europesays.com\/fr\/wp-json\/wp\/v2\/posts"}],"about":[{"href":"https:\/\/www.europesays.com\/fr\/wp-json\/wp\/v2\/types\/post"}],"author":[{"embeddable":true,"href":"https:\/\/www.europesays.com\/fr\/wp-json\/wp\/v2\/users\/2"}],"replies":[{"embeddable":true,"href":"https:\/\/www.europesays.com\/fr\/wp-json\/wp\/v2\/comments?post=11109"}],"version-history":[{"count":0,"href":"https:\/\/www.europesays.com\/fr\/wp-json\/wp\/v2\/posts\/11109\/revisions"}],"wp:featuredmedia":[{"embeddable":true,"href":"https:\/\/www.europesays.com\/fr\/wp-json\/wp\/v2\/media\/11110"}],"wp:attachment":[{"href":"https:\/\/www.europesays.com\/fr\/wp-json\/wp\/v2\/media?parent=11109"}],"wp:term":[{"taxonomy":"category","embeddable":true,"href":"https:\/\/www.europesays.com\/fr\/wp-json\/wp\/v2\/categories?post=11109"},{"taxonomy":"post_tag","embeddable":true,"href":"https:\/\/www.europesays.com\/fr\/wp-json\/wp\/v2\/tags?post=11109"}],"curies":[{"name":"wp","href":"https:\/\/api.w.org\/{rel}","templated":true}]}}