{"id":111096,"date":"2025-05-19T06:27:08","date_gmt":"2025-05-19T06:27:08","guid":{"rendered":"https:\/\/www.europesays.com\/fr\/111096\/"},"modified":"2025-05-19T06:27:08","modified_gmt":"2025-05-19T06:27:08","slug":"des-quotas-dairbnb-dans-les-quartiers-de-marseille-pour-la-ville-cest-non","status":"publish","type":"post","link":"https:\/\/www.europesays.com\/fr\/111096\/","title":{"rendered":"Des quotas d&rsquo;Airbnb dans les quartiers de Marseille ? Pour la Ville, c&rsquo;est non"},"content":{"rendered":"<p>Il balaie l\u2019hypoth\u00e8se d\u2019un revers de la main\u00a0: \u00ab\u00a0Ce n\u2019est pas l\u2019option que nous avons choisie.\u00a0\u00bb Patrick Amico, adjoint au logement \u00e0 la mairie de <a href=\"https:\/\/www.laprovence.com\/bouches-du-rhone\/marseille-13055\" target=\"_blank\" rel=\"noopener\">Marseille<\/a>, n\u2019est pas r\u00e9ceptif aux appels r\u00e9p\u00e9t\u00e9s du <a href=\"https:\/\/www.laprovence.com\/article\/region\/346042046798214\/dans-le-panier-il-faut-des-quotas-les-solutions-du-directeur-dairbnb-a-la-crise-du-logement-a-marseille\" target=\"_blank\" rel=\"noopener\">directeur d\u2019Airbnb, selon qui \u00ab\u00a0il faut r\u00e9fl\u00e9chir \u00e0 des quotas par quartier\u00a0\u00bb<\/a>, afin d\u2019<a href=\"https:\/\/www.laprovence.com\/article\/region\/4714625261091515\/immobilier-le-marche-locatif-n-a-jamais-ete-aussi-tendu-a-marseille\" target=\"_blank\" rel=\"noopener\">endiguer la crise du logement<\/a>, pointant les quartiers pris\u00e9s par les touristes du<a href=\"https:\/\/www.laprovence.com\/article\/region\/9516723661820515\/je-ne-reconnais-plus-mon-quartier-a-marseille-les-habitants-du-panier-face-a-la-multiplication-des-airbnb\" target=\"_blank\" rel=\"noopener\"> Panier (2e)<\/a> ou d\u2019Endoume (7e).<\/p>\n<p>\u00ab\u00a0L\u00e0, on a int\u00e9r\u00eat \u00e0 limiter la location meubl\u00e9e de tourisme, reconnaissait pour Airbnb Cl\u00e9ment Eulry, en s\u2019attaquant \u00e0 l\u2019extr\u00eame minorit\u00e9 &#8211; moins de 1% du parc immobilier marseillais sur Airbnb &#8211; de biens lou\u00e9s toute l\u2019ann\u00e9e ou presque sur les plateformes, et qui sont donc en concurrence avec le logement. Et en ciblant les investisseurs locatifs qui doivent se tourner vers la longue dur\u00e9e.\u00a0\u00bb<\/p>\n","protected":false},"excerpt":{"rendered":"Il balaie l\u2019hypoth\u00e8se d\u2019un revers de la main\u00a0: \u00ab\u00a0Ce n\u2019est pas l\u2019option que nous avons choisie.\u00a0\u00bb Patrick Amico,&hellip;\n","protected":false},"author":2,"featured_media":111097,"comment_status":"","ping_status":"","sticky":false,"template":"","format":"standard","meta":{"footnotes":""},"categories":[2814],"tags":[17,1111,11,23004,1446,154,1777,674,1011,27,151,884,12,882,5116,15096,16,25],"class_list":{"0":"post-111096","1":"post","2":"type-post","3":"status-publish","4":"format-standard","5":"has-post-thumbnail","7":"category-marseille","8":"tag-17","9":"tag-actu","10":"tag-actualites","11":"tag-dairbnb","12":"tag-dans","13":"tag-des","14":"tag-eu","15":"tag-europe","16":"tag-fr","17":"tag-france","18":"tag-les","19":"tag-marseille","20":"tag-news","21":"tag-provence-alpes-cote-dazur","22":"tag-quartiers","23":"tag-quotas","24":"tag-region","25":"tag-republique-francaise"},"share_on_mastodon":{"url":"https:\/\/pubeurope.com\/@fr\/114533082212481262","error":""},"_links":{"self":[{"href":"https:\/\/www.europesays.com\/fr\/wp-json\/wp\/v2\/posts\/111096","targetHints":{"allow":["GET"]}}],"collection":[{"href":"https:\/\/www.europesays.com\/fr\/wp-json\/wp\/v2\/posts"}],"about":[{"href":"https:\/\/www.europesays.com\/fr\/wp-json\/wp\/v2\/types\/post"}],"author":[{"embeddable":true,"href":"https:\/\/www.europesays.com\/fr\/wp-json\/wp\/v2\/users\/2"}],"replies":[{"embeddable":true,"href":"https:\/\/www.europesays.com\/fr\/wp-json\/wp\/v2\/comments?post=111096"}],"version-history":[{"count":0,"href":"https:\/\/www.europesays.com\/fr\/wp-json\/wp\/v2\/posts\/111096\/revisions"}],"wp:featuredmedia":[{"embeddable":true,"href":"https:\/\/www.europesays.com\/fr\/wp-json\/wp\/v2\/media\/111097"}],"wp:attachment":[{"href":"https:\/\/www.europesays.com\/fr\/wp-json\/wp\/v2\/media?parent=111096"}],"wp:term":[{"taxonomy":"category","embeddable":true,"href":"https:\/\/www.europesays.com\/fr\/wp-json\/wp\/v2\/categories?post=111096"},{"taxonomy":"post_tag","embeddable":true,"href":"https:\/\/www.europesays.com\/fr\/wp-json\/wp\/v2\/tags?post=111096"}],"curies":[{"name":"wp","href":"https:\/\/api.w.org\/{rel}","templated":true}]}}