{"id":111099,"date":"2025-05-19T06:29:08","date_gmt":"2025-05-19T06:29:08","guid":{"rendered":"https:\/\/www.europesays.com\/fr\/111099\/"},"modified":"2025-05-19T06:29:08","modified_gmt":"2025-05-19T06:29:08","slug":"pres-de-lyon-deux-hommes-coup-sur-coup-mordus-par-des-pitbulls-sans-laisse","status":"publish","type":"post","link":"https:\/\/www.europesays.com\/fr\/111099\/","title":{"rendered":"Pr\u00e8s de Lyon : deux hommes coup sur coup mordus par des pitbulls sans laisse"},"content":{"rendered":"<p>Survenues \u00e0 deux jours d&rsquo;intervalle, deux attaques de pitbulls ont fait deux bless\u00e9s, la semaine derni\u00e8re, \u00e0 Villeurbanne et Miribel-Jonage, pr\u00e8s de Lyon.<\/p>\n<p>\u00c0 chaque fois des <b>chiens sans laisse ni museli\u00e8re<\/b>. Deux hommes ont \u00e9t\u00e9 attaqu\u00e9s par des <b>pitbulls<\/b> dans deux attaques distinctes, la semaine derni\u00e8re, pr\u00e8s de <b>Lyon<\/b>.\u00a0<\/p>\n<p>La premi\u00e8re, jeudi dernier, en soir\u00e9e, au <b>parc de Miribel-Jonage<\/b>. Selon <a class=\"url\" href=\"https:\/\/c.leprogres.fr\/faits-divers-justice\/2025\/05\/18\/80-points-de-suture-deux-attaques-de-pitbulls-en-deux-jours-dans-la-banlieue-de-lyon\" target=\"_blank\" rel=\"noopener\">le Progr\u00e8s<\/a>, un quinquag\u00e9naire a \u00e9t\u00e9 mordu \u00e0 plusieurs reprises par trois chiens alors qu&rsquo;il allait se baigner.\u00a0<\/p>\n<p>En sang, il s&rsquo;est ensuite rendu aux urgences, o\u00f9 il a re\u00e7u <b>dix jours d&rsquo;incapacit\u00e9 totale de travail<\/b> (ITT), avant de d\u00e9poser plainte le lendemain.<\/p>\n<p>80 points de suture<\/p>\n<p>La deuxi\u00e8me attaque, elle, s&rsquo;est produite samedi, \u00e0 la mi-journ\u00e9e, \u00e0 <b>Villeurbanne<\/b>, rue de France.<\/p>\n<p>Elle a vis\u00e9 un couple qui promenait son chien, et c&rsquo;est d&rsquo;ailleurs en tentant de le prot\u00e9ger que le mari, un homme de 61 ans, a \u00e9t\u00e9 attaqu\u00e9.\u00a0<\/p>\n<p>Bless\u00e9 au bras et au visage, il a eu <b>80 points de suture<\/b> et entend porter plainte ce lundi.\u00a0<\/p>\n<p><img loading=\"lazy\" decoding=\"async\" src=\"https:\/\/www.europesays.com\/fr\/wp-content\/uploads\/2025\/05\/1747636148_373_img\" width=\"350\" height=\"200\" border=\"0\" title=\"Les trois chiens ont finalement trouv\u00c3\u00a9 une nouvelle famille\"\/><\/p>\n<p>\u25baSoci\u00e9t\u00e9<\/p>\n<p style=\"font-size: 22px;\"><b>Lyon : trois chiens sauv\u00e9s du calvaire\u00a0<\/b><\/p>\n<p>Trois chiens ont v\u00e9cu un v\u00e9ritable calvaire dans&#8230;<\/p>\n<p><\/p>\n","protected":false},"excerpt":{"rendered":"Survenues \u00e0 deux jours d&rsquo;intervalle, deux attaques de pitbulls ont fait deux bless\u00e9s, la semaine derni\u00e8re, \u00e0 Villeurbanne&hellip;\n","protected":false},"author":2,"featured_media":111100,"comment_status":"","ping_status":"","sticky":false,"template":"","format":"standard","meta":{"footnotes":""},"categories":[1889],"tags":[1111,11,834,2430,4850,1777,674,1011,27,2428,23006,12,23005,25,6345],"class_list":{"0":"post-111099","1":"post","2":"type-post","3":"status-publish","4":"format-standard","5":"has-post-thumbnail","7":"category-lyon","8":"tag-actu","9":"tag-actualites","10":"tag-attaque","11":"tag-auvergne-rhone-alpes","12":"tag-chien","13":"tag-eu","14":"tag-europe","15":"tag-fr","16":"tag-france","17":"tag-lyon","18":"tag-miribel-jonage","19":"tag-news","20":"tag-pitbull","21":"tag-republique-francaise","22":"tag-villeurbanne"},"share_on_mastodon":{"url":"https:\/\/pubeurope.com\/@fr\/114533090142194239","error":""},"_links":{"self":[{"href":"https:\/\/www.europesays.com\/fr\/wp-json\/wp\/v2\/posts\/111099","targetHints":{"allow":["GET"]}}],"collection":[{"href":"https:\/\/www.europesays.com\/fr\/wp-json\/wp\/v2\/posts"}],"about":[{"href":"https:\/\/www.europesays.com\/fr\/wp-json\/wp\/v2\/types\/post"}],"author":[{"embeddable":true,"href":"https:\/\/www.europesays.com\/fr\/wp-json\/wp\/v2\/users\/2"}],"replies":[{"embeddable":true,"href":"https:\/\/www.europesays.com\/fr\/wp-json\/wp\/v2\/comments?post=111099"}],"version-history":[{"count":0,"href":"https:\/\/www.europesays.com\/fr\/wp-json\/wp\/v2\/posts\/111099\/revisions"}],"wp:featuredmedia":[{"embeddable":true,"href":"https:\/\/www.europesays.com\/fr\/wp-json\/wp\/v2\/media\/111100"}],"wp:attachment":[{"href":"https:\/\/www.europesays.com\/fr\/wp-json\/wp\/v2\/media?parent=111099"}],"wp:term":[{"taxonomy":"category","embeddable":true,"href":"https:\/\/www.europesays.com\/fr\/wp-json\/wp\/v2\/categories?post=111099"},{"taxonomy":"post_tag","embeddable":true,"href":"https:\/\/www.europesays.com\/fr\/wp-json\/wp\/v2\/tags?post=111099"}],"curies":[{"name":"wp","href":"https:\/\/api.w.org\/{rel}","templated":true}]}}