{"id":111105,"date":"2025-05-19T06:38:09","date_gmt":"2025-05-19T06:38:09","guid":{"rendered":"https:\/\/www.europesays.com\/fr\/111105\/"},"modified":"2025-05-19T06:38:09","modified_gmt":"2025-05-19T06:38:09","slug":"realite-virtuelle-psychologue-a-saint-denis-un-commissariat-a-la-pointe-pour-la-police-municipale","status":"publish","type":"post","link":"https:\/\/www.europesays.com\/fr\/111105\/","title":{"rendered":"R\u00e9alit\u00e9 virtuelle, psychologue&#8230; \u00c0 Saint-Denis, un commissariat \u00e0 la pointe pour la police municipale"},"content":{"rendered":"<p>            Par<br \/>\n        <strong><br \/>\n            <a href=\"https:\/\/actu.fr\/auteur\/antoine-blanchet\" title=\"Consulter tous les articles de Antoine Blanchet\" rel=\"nofollow noopener\" target=\"_blank\">Antoine Blanchet<\/a><br \/>\n        <\/strong><\/p>\n<p>        Publi\u00e9 le<\/p>\n<p>            16 mai 2025 \u00e0 6h04        <\/p>\n<p>Un b\u00e2timent vert pour des k\u00e9pis bleus. Ce jeudi 15\u00a0mai 2025, la ville de <a href=\"https:\/\/actu.fr\/ile-de-france\/saint-denis_93066\" rel=\"nofollow noopener\" target=\"_blank\">Saint-Denis<\/a> (<a href=\"https:\/\/actu.fr\/ile-de-france\/seine-saint-denis_93\" rel=\"nofollow noopener\" target=\"_blank\">Seine-Saint-Denis<\/a>), <strong>a inaugur\u00e9 son nouvel h\u00f4tel de police municipale<\/strong>. En l\u2019espace de quatre ans, l\u2019ancien commissariat de police nationale a \u00e9t\u00e9 remis \u00e0 neuf et \u00e9quip\u00e9 de mat\u00e9riel de pointe. Ce nouvel \u00e9difice, construit de mani\u00e8re \u00e9cologique, illustre la mont\u00e9e en puissance de la police municipale dans la commune dionysienne. \u00ab\u00a0Nous sommes immens\u00e9ment fiers\u00a0\u00bb, a d\u00e9clar\u00e9 le maire <a href=\"https:\/\/actu.fr\/tag\/mathieu-hanotin\" rel=\"nofollow noopener\" target=\"_blank\">Mathieu Hanotin<\/a> (PS) lors de l\u2019inauguration.\u00a0<\/p>\n<p>\u00c9cologique et s\u00e9curis\u00e9<\/p>\n<p class=\" wall-content\">Mis en chantier en 2020, le nouveau b\u00e2timent a gard\u00e9 les traits de l\u2019ancien, pour raisons environnementales. Une extension a toutefois \u00e9t\u00e9 cr\u00e9\u00e9e. \u00ab\u2009Elle a \u00e9t\u00e9 fabriqu\u00e9e en bois, un mat\u00e9riau plus l\u00e9ger\u2009\u00bb, pr\u00e9cise l\u2019architecte en charge des travaux. Des<strong> panneaux photovolta\u00efques<\/strong> ont aussi \u00e9t\u00e9 rajout\u00e9s afin d\u2019alimenter le r\u00e9seau de chaleur. Question v\u00e9g\u00e9talisation, un patio a \u00e9t\u00e9 construit \u00e0 l\u2019arri\u00e8re du b\u00e2timent pour plus de fra\u00eecheur. La s\u00e9curit\u00e9 du b\u00e2timent a aussi \u00e9t\u00e9 renforc\u00e9e\u2009: \u00ab\u2009Un vitrage pare-balles a \u00e9t\u00e9 install\u00e9 aux fen\u00eatres et un portail s\u00e9curis\u00e9 a \u00e9t\u00e9 mis en place dans l\u2019entr\u00e9e\u2009\u00bb, poursuit l\u2019architecte.<\/p>\n<p>Des \u00e9quipements \u00e0 la pointe<\/p>\n<p class=\" wall-content\">Au-del\u00e0 de cet aspect \u00e9cologique, l\u2019h\u00f4tel de police se veut un mod\u00e8le de s\u00e9curit\u00e9 et de confort pour les agents. Dans la salle de sport flambant neuve, de nombreuses machines pour s\u2019exercer. Dans <strong>l\u2019armurerie<\/strong>, des <a href=\"https:\/\/actu.fr\/faits-divers\/blessure-jerome-rodrigues-aucun-element-indique-tir-lbd-selon-laurent-nunez_21097531.html\" rel=\"nofollow noopener\" target=\"_blank\">lanceurs de balles de d\u00e9fense<\/a> \u00e0 foison. Une salle de formation, nomm\u00e9e en hommage \u00e0 <a href=\"https:\/\/actu.fr\/ile-de-france\/montrouge_92049\/devastee-apres-l-assassinat-de-clarissa-jean-philippe-la-police-de-montrouge-a-du-se-reconstruire_62077468.html\" rel=\"nofollow noopener\" target=\"_blank\">Clarissa Jean-Philippe<\/a>, polici\u00e8re tu\u00e9e \u00e0 <a href=\"https:\/\/actu.fr\/ile-de-france\/montrouge_92049\" rel=\"nofollow noopener\" target=\"_blank\">Montrouge<\/a> (<a href=\"https:\/\/actu.fr\/ile-de-france\/hauts-de-seine_92\" rel=\"nofollow noopener\" target=\"_blank\">Hauts-de-Seine<\/a>) en janvier\u00a02015, a aussi \u00e9t\u00e9 am\u00e9nag\u00e9e. Un psychologue est aussi pr\u00e9sent pour les agents.<\/p>\n<p class=\" wall-content\">Mais l\u2019une des grandes innovations se trouve dans la<strong> salle de r\u00e9alit\u00e9 virtuelle<\/strong>. Il s\u2019agit d\u2019une salle de tir o\u00f9 un \u00e9cran remplace les cibles. Ce dernier va diffuser des situations dans lesquelles l\u2019agent va devoir faire usage de son arme. \u00ab\u2009Un prompteur enregistre les performances et va les \u00e9valuer. Les agents viennent s\u2019entra\u00eener une fois par semaine\u2009\u00bb, d\u00e9taille l\u2019instructeur.<\/p>\n<p>\u00ab\u2009Le c\u0153ur du r\u00e9acteur\u2009\u00bb<\/p>\n<p class=\" wall-content\">L\u2019h\u00f4tel de police, qui a b\u00e9n\u00e9fici\u00e9 d\u2019une extension, accueille aussi le nouveau centre de supervision urbaine. \u00ab\u00a0C\u2019est un peu le c\u0153ur du r\u00e9acteur, s\u2019amuse le maire. \u00c0 l\u2019int\u00e9rieur, <strong>une diffusion en temps r\u00e9el des images de vid\u00e9osurveillance<\/strong> \u00e9tudi\u00e9es pour faciliter les interventions. \u00ab\u00a0On est pass\u00e9s <strong>de 88 \u00e0 550 cam\u00e9ras<\/strong> dans la commune. Depuis janvier, nous avons pu r\u00e9cup\u00e9rer les images diffus\u00e9es \u00e0 <a href=\"https:\/\/actu.fr\/ile-de-france\/pierrefitte-sur-seine_93059\" rel=\"nofollow noopener\" target=\"_blank\">Pierrefitte<\/a>\u00ab\u00a0, r\u00e9v\u00e8le Mathieu Hanotin.<\/p>\n<p class=\" wall-content\">Juste \u00e0 c\u00f4t\u00e9, une salle de crise. Son but\u2009: r\u00e9unir les acteurs de la s\u00e9curit\u00e9 et de la ville en cas de situation exceptionnelle. \u00ab\u2009Elle peut \u00eatre utilis\u00e9e lors de grands \u00e9v\u00e8nements ou bien en cas de force majeure comme <a href=\"https:\/\/actu.fr\/ile-de-france\/saint-denis_93066\/emeutes-a-saint-denis-l-incendiaire-du-centre-administratif-lourdement-condamne_60048896.html\" rel=\"nofollow noopener\" target=\"_blank\">durant les \u00e9meutes de 2023<\/a>\u2009\u00bb, illustre l\u2019\u00e9dile.<\/p>\n<p>Une police municipale en extension<\/p>\n<p class=\" wall-content\">Si la municipalit\u00e9 a vu grand pour cet \u00e9difice dont le co\u00fbt s\u2019\u00e9l\u00e8ve \u00e0 18 millions d\u2019euros, c\u2019est que l\u2019objectif est de faire monter en puissance la police municipale. \u00ab\u2009\u00c0 notre arriv\u00e9e en 2020, il n\u2019y avait qu\u2019une quarantaine de policiers municipaux. Nous sommes actuellement \u00e0 120 agents, et nous avons pour objectif d\u2019atteindre un effectif de 150 pour la fin de l\u2019ann\u00e9e\u2009\u00bb, explique Mathieu Hanotin. Niveau mat\u00e9riel, la police <strong>totalise 15 voitures<\/strong> et une douzaine de motos.\u00a0<\/p>\n<p class=\" wall-content\">Au sein de la commune de Seine-Saint-Denis, 4\u2009% du budget annuel est d\u00e9di\u00e9 \u00e0 la police municipale. Pour le maire, l\u2019efficacit\u00e9 de ce d\u00e9ploiement est r\u00e9elle\u2009: \u00ab\u2009En 2019, nous avions 250 appels \u00e0 la police municipale chaque mois, nous sommes pass\u00e9s <strong>\u00e0 plus de 40\u2009000 appels mensuels\u00a0\u00bb.\u00a0<\/strong><\/p>\n<p class=\" wall-content\">Suivez toute l\u2019actualit\u00e9 de vos villes et m\u00e9dias favoris en vous inscrivant \u00e0 <a href=\"https:\/\/moncompte.actu.fr\" title=\"D\u00e9couvez Mon Actu\" rel=\"nofollow noopener\" data-trk=\"{&quot;cta&quot;:{&quot;action&quot;:&quot;https:\\\/\\\/moncompte.actu.fr&quot;,&quot;category&quot;:&quot;mon compte&quot;,&quot;from&quot;:&quot;article footer&quot;,&quot;name&quot;:&quot;Mon actu&quot;,&quot;type&quot;:&quot;cta&quot;}}\" target=\"_blank\">Mon Actu<\/a>.<\/p>\n","protected":false},"excerpt":{"rendered":"Par Antoine Blanchet Publi\u00e9 le 16 mai 2025 \u00e0 6h04 Un b\u00e2timent vert pour des k\u00e9pis bleus. Ce&hellip;\n","protected":false},"author":2,"featured_media":111106,"comment_status":"","ping_status":"","sticky":false,"template":"","format":"standard","meta":{"footnotes":""},"categories":[1888],"tags":[1111,1928,11,1927,1777,674,118,1011,27,23007,12,1926,626,1925,1072,25],"class_list":{"0":"post-111105","1":"post","2":"type-post","3":"status-publish","4":"format-standard","5":"has-post-thumbnail","7":"category-paris","8":"tag-actu","9":"tag-actu-paris","10":"tag-actualites","11":"tag-actualites-paris","12":"tag-eu","13":"tag-europe","14":"tag-faits-divers","15":"tag-fr","16":"tag-france","17":"tag-mathieu-hanotin","18":"tag-news","19":"tag-news-paris","20":"tag-paris","21":"tag-paris-news","22":"tag-police","23":"tag-republique-francaise"},"share_on_mastodon":{"url":"https:\/\/pubeurope.com\/@fr\/114533125536831249","error":""},"_links":{"self":[{"href":"https:\/\/www.europesays.com\/fr\/wp-json\/wp\/v2\/posts\/111105","targetHints":{"allow":["GET"]}}],"collection":[{"href":"https:\/\/www.europesays.com\/fr\/wp-json\/wp\/v2\/posts"}],"about":[{"href":"https:\/\/www.europesays.com\/fr\/wp-json\/wp\/v2\/types\/post"}],"author":[{"embeddable":true,"href":"https:\/\/www.europesays.com\/fr\/wp-json\/wp\/v2\/users\/2"}],"replies":[{"embeddable":true,"href":"https:\/\/www.europesays.com\/fr\/wp-json\/wp\/v2\/comments?post=111105"}],"version-history":[{"count":0,"href":"https:\/\/www.europesays.com\/fr\/wp-json\/wp\/v2\/posts\/111105\/revisions"}],"wp:featuredmedia":[{"embeddable":true,"href":"https:\/\/www.europesays.com\/fr\/wp-json\/wp\/v2\/media\/111106"}],"wp:attachment":[{"href":"https:\/\/www.europesays.com\/fr\/wp-json\/wp\/v2\/media?parent=111105"}],"wp:term":[{"taxonomy":"category","embeddable":true,"href":"https:\/\/www.europesays.com\/fr\/wp-json\/wp\/v2\/categories?post=111105"},{"taxonomy":"post_tag","embeddable":true,"href":"https:\/\/www.europesays.com\/fr\/wp-json\/wp\/v2\/tags?post=111105"}],"curies":[{"name":"wp","href":"https:\/\/api.w.org\/{rel}","templated":true}]}}