{"id":11111,"date":"2025-04-08T20:49:14","date_gmt":"2025-04-08T20:49:14","guid":{"rendered":"https:\/\/www.europesays.com\/fr\/11111\/"},"modified":"2025-04-08T20:49:14","modified_gmt":"2025-04-08T20:49:14","slug":"lyon-3-e-rhone-nee-a-lyon-bioderma-la-marque-phare-du-groupe-naos-a-le-succes-dans-la-peau","status":"publish","type":"post","link":"https:\/\/www.europesays.com\/fr\/11111\/","title":{"rendered":"Lyon 3 e. Rh\u00f4ne. N\u00e9e \u00e0 Lyon, Bioderma, la marque phare du groupe Naos, a le succ\u00e8s dans la peau"},"content":{"rendered":"<p>Lorsque Jean-No\u00ebl Thorel, pharmacien biologiste, fonde en 1977 \u00e0 Rungis le Centre d\u2019\u00e9tudes et de recherche en esth\u00e9tique et dermatologie appliqu\u00e9e, il ne se doute pas que, pr\u00e8s de 50 ans plus tard, il a mis au monde une multinationale qui con\u00e7oit, fabrique et commercialise dans le monde entier des produits pour le soin et la sant\u00e9 de la peau sous le nom de Naos. Un groupe ind\u00e9pendant pr\u00e9sent dans le Top 50 des plus grands groupes de cosm\u00e9tique dans le monde. Le groupe aixois (3\u00a0300 salari\u00e9s), qui a g\u00e9n\u00e9r\u00e9 l\u2019an dernier 900\u00a0millions d\u2019euros de CA dont 15\u00a0%&#8230;<\/p>\n","protected":false},"excerpt":{"rendered":"Lorsque Jean-No\u00ebl Thorel, pharmacien biologiste, fonde en 1977 \u00e0 Rungis le Centre d\u2019\u00e9tudes et de recherche en esth\u00e9tique&hellip;\n","protected":false},"author":2,"featured_media":11112,"comment_status":"","ping_status":"","sticky":false,"template":"","format":"standard","meta":{"footnotes":""},"categories":[1889],"tags":[1111,11,2430,4406,130,33,1777,674,107,3183,1011,27,693,5015,2428,12,2922,25,216],"class_list":{"0":"post-11111","1":"post","2":"type-post","3":"status-publish","4":"format-standard","5":"has-post-thumbnail","7":"category-lyon","8":"tag-actu","9":"tag-actualites","10":"tag-auvergne-rhone-alpes","11":"tag-commerce-et-services","12":"tag-consommation","13":"tag-economie","14":"tag-eu","15":"tag-europe","16":"tag-fil-info","17":"tag-finance-et-fiscalite","18":"tag-fr","19":"tag-france","20":"tag-industrie","21":"tag-innovation-et-start-up","22":"tag-lyon","23":"tag-news","24":"tag-pouvoir-dachat","25":"tag-republique-francaise","26":"tag-vie-des-entreprises"},"share_on_mastodon":{"url":"https:\/\/pubeurope.com\/@fr\/114304317062594111","error":""},"_links":{"self":[{"href":"https:\/\/www.europesays.com\/fr\/wp-json\/wp\/v2\/posts\/11111","targetHints":{"allow":["GET"]}}],"collection":[{"href":"https:\/\/www.europesays.com\/fr\/wp-json\/wp\/v2\/posts"}],"about":[{"href":"https:\/\/www.europesays.com\/fr\/wp-json\/wp\/v2\/types\/post"}],"author":[{"embeddable":true,"href":"https:\/\/www.europesays.com\/fr\/wp-json\/wp\/v2\/users\/2"}],"replies":[{"embeddable":true,"href":"https:\/\/www.europesays.com\/fr\/wp-json\/wp\/v2\/comments?post=11111"}],"version-history":[{"count":0,"href":"https:\/\/www.europesays.com\/fr\/wp-json\/wp\/v2\/posts\/11111\/revisions"}],"wp:featuredmedia":[{"embeddable":true,"href":"https:\/\/www.europesays.com\/fr\/wp-json\/wp\/v2\/media\/11112"}],"wp:attachment":[{"href":"https:\/\/www.europesays.com\/fr\/wp-json\/wp\/v2\/media?parent=11111"}],"wp:term":[{"taxonomy":"category","embeddable":true,"href":"https:\/\/www.europesays.com\/fr\/wp-json\/wp\/v2\/categories?post=11111"},{"taxonomy":"post_tag","embeddable":true,"href":"https:\/\/www.europesays.com\/fr\/wp-json\/wp\/v2\/tags?post=11111"}],"curies":[{"name":"wp","href":"https:\/\/api.w.org\/{rel}","templated":true}]}}