{"id":1111106,"date":"2026-08-06T07:48:20","date_gmt":"2026-08-06T07:48:20","guid":{"rendered":"https:\/\/www.europesays.com\/fr\/1111106\/"},"modified":"2026-08-06T07:48:20","modified_gmt":"2026-08-06T07:48:20","slug":"un-morceau-de-fusee-de-spacex-sest-bel-et-bien-ecrase-sur-la-lune","status":"publish","type":"post","link":"https:\/\/www.europesays.com\/fr\/1111106\/","title":{"rendered":"Un morceau de fus\u00e9e de SpaceX s\u2019est bel et bien \u00e9cras\u00e9 sur la Lune"},"content":{"rendered":"<p>        <img decoding=\"async\" loading=\"lazy\" src=\"https:\/\/www.europesays.com\/fr\/wp-content\/uploads\/2026\/08\/027a666_1658618202523-6019138f2000005b00c6ca19.jpeg\"  width=\"728\" height=\"446\" alt=\"Une fus\u00e9e Falcon 9 de la soci\u00e9t\u00e9 SpaceX, le 6 f\u00e9vrier 2018 \u00e0 Cap Canaveral (Etats-Unis).\"\/>  <\/p>\n<p>Thom Baur \/ Reuters<\/p>\n<p>Une fus\u00e9e Falcon 9 de la soci\u00e9t\u00e9 SpaceX, le 6 f\u00e9vrier 2018 \u00e0 Cap Canaveral (Etats-Unis).<\/p>\n<p class=\"asset asset-text\">L\u2019\u00e9tage sup\u00e9rieur d\u2019une fus\u00e9e de <a href=\"https:\/\/www.huffingtonpost.fr\/international\/article\/la-fortune-d-elon-musk-franchit-un-nouveau-cap-tres-symbolique_266708.html\" rel=\"nofollow noopener\" target=\"_blank\">SpaceX<\/a> s\u2019est bien \u00e9cras\u00e9 sur <a href=\"https:\/\/www.huffingtonpost.fr\/international\/article\/cette-photo-de-la-lune-prise-par-artemis-vous-en-rappellera-forcement-une-autre_262370.html\" rel=\"nofollow noopener\" target=\"_blank\">la Lune<\/a>, ont confirm\u00e9 des scientifiques ce mercredi 5\u00a0ao\u00fbt en se basant sur des observations r\u00e9alis\u00e9es avec un t\u00e9lescope au Chili qui a capt\u00e9 des preuves d\u2019un nuage de d\u00e9bris.<\/p>\n<p class=\"asset asset-text\">La collision, qui n\u2019\u00e9tait pas intentionnelle, devrait avoir cr\u00e9\u00e9 un crat\u00e8re \u00e0 la surface lunaire que les agences spatiales, dont la Nasa, esp\u00e8rent documenter. Les scientifiques estimaient que l\u2019\u00e9tage sup\u00e9rieur de la fus\u00e9e Falcon 9, de la taille d\u2019un bus, allait frapper la surface de la Lune \u00e0 approximativement 8h35, heure de Paris, ce mercredi. Ce qui s\u2019est effectivement produit.<\/p>\n<p class=\"asset asset-text\">Le tr\u00e8s grand t\u00e9lescope de l\u2019Observatoire europ\u00e9en austral (ESO), situ\u00e9 au Chili, \u00ab\u00a0a d\u00e9tect\u00e9 des raies spectrales\u00a0\u00bb, a annonc\u00e9 l\u2019observatoire dans une publication sur les r\u00e9seaux sociaux\u00a0: \u00ab\u00a0des empreintes chimiques\u00a0\u00bb de \u00ab\u00a0sodium et de lithium dans le panache d\u2019impact, qui a dur\u00e9 de cinq \u00e0 dix minutes apr\u00e8s la collision\u00a0\u00bb.<\/p>\n<p> La lecture de ce contenu est susceptible d\u2019entra\u00eener un d\u00e9p\u00f4t de cookies de la part de l\u2019op\u00e9rateur tiers qui l\u2019h\u00e9berge. Compte-tenu des choix que vous avez exprim\u00e9s en mati\u00e8re de d\u00e9p\u00f4t de cookies, nous avons bloqu\u00e9 l\u2019affichage de ce contenu. Si vous souhaitez y acc\u00e9der, vous devez accepter la cat\u00e9gorie de cookies \u201cContenus tiers\u201d en cliquant sur le bouton ci-dessous. <\/p>\n<p> Lire la Vid\u00e9o        <\/p>\n<p class=\"asset asset-text\">\u00ab\u00a0Le sodium provient probablement du sol lunaire, tandis que le lithium pourrait provenir de la fus\u00e9e elle-m\u00eame\u00a0\u00bb, a d\u00e9taill\u00e9 l\u2019ESO.<\/p>\n<p>                     \u00ab\u00a0Aucun danger pour la Terre\u00a0\u00bb    <\/p>\n<p class=\"asset asset-text\">Benjamin Fernando, chercheur au Laboratoire national de Los Alamos, au Nouveau-Mexique (sud-ouest des \u00c9tats-Unis) et auteur principal d\u2019une r\u00e9cente \u00e9tude consacr\u00e9e \u00e0 cette collision attendue, a \u00e9galement confirm\u00e9 aupr\u00e8s de l\u2019AFP que l\u2019impact s\u2019\u00e9tait produit.<\/p>\n<p class=\"asset asset-text\">En supposant que tout le carburant avait \u00e9t\u00e9 consomm\u00e9, les auteurs de l\u2019\u00e9tude estimaient que l\u2019engin pesait environ quatre tonnes et devait, \u00e0 une vitesse de 8\u00a0690\u00a0km\/h, s\u2019\u00e9craser pr\u00e8s du crat\u00e8re Einstein, dans l\u2019h\u00e9misph\u00e8re nord de la Lune.<\/p>\n<p class=\"asset asset-text\">La Nasa et sa sonde spatiale Lunar Reconnaissance Orbiter ont pr\u00e9vu de capturer des images du site de l\u2019impact, tout comme la Cor\u00e9e du Sud avec sa sonde Pathfinder Lunar Orbiter. Mais les informations pourraient mettre plusieurs jours \u00e0 nous parvenir.<\/p>\n<p class=\"asset asset-text\">Avant le crash, la Nasa avait affirm\u00e9 qu\u2019il n\u2019y avait \u00ab\u00a0aucun danger pour la Terre\u00a0\u00bb. \u00ab\u00a0Les scientifiques de la Nasa pr\u00e9voient de collecter des donn\u00e9es lunaires de cet \u00e9v\u00e9nement pour affiner les techniques de suivi d\u2019objets dans l\u2019espace\u00a0\u00bb, a par ailleurs indiqu\u00e9 l\u2019agence am\u00e9ricaine.<\/p>\n<p>    L\u2019accumulation dangereuse de d\u00e9bris spatiaux    <\/p>\n<p class=\"asset asset-text\">La fus\u00e9e Falcon 9, r\u00e9alis\u00e9e par la soci\u00e9t\u00e9 SpaceX d\u2019Elon Musk, a d\u00e9coll\u00e9 en janvier\u00a02025\u00a0avec deux alunisseurs \u00e0 son bord. Le propulseur est revenu sur Terre, tandis que l\u2019\u00e9tage sup\u00e9rieur, consid\u00e9r\u00e9 depuis comme un d\u00e9bris spatial, est rest\u00e9 dans l\u2019espace pour poursuivre l\u2019acheminement des deux engins.<\/p>\n<p class=\"asset asset-text\">\u00ab\u00a0Un m\u00e9lange d\u2019activit\u00e9 solaire et de forces gravitationnelles l\u2019a finalement plac\u00e9 sur une trajectoire en direction de la Lune\u00a0\u00bb, malgr\u00e9 les pr\u00e9cautions prises par SpaceX, a affirm\u00e9 Julianna Scheiman, une responsable de la soci\u00e9t\u00e9, lors d\u2019une conf\u00e9rence de presse de la Nasa lundi.<\/p>\n<p class=\"asset asset-text\">La collision devrait permettre d\u2019\u00e9tudier les panaches de poussi\u00e8re et de mieux \u00e9valuer les risques li\u00e9s aux d\u00e9bris spatiaux artificiels, des enjeux d\u2019autant plus importants que la Nasa esp\u00e8re \u00e9tablir une pr\u00e9sence humaine durable sur la Lune.<\/p>\n<p class=\"asset asset-text\">La Lune est r\u00e9guli\u00e8rement frapp\u00e9e par des objets naturels, notamment des m\u00e9t\u00e9oro\u00efdes. Les collisions avec des objets artificiels sont en revanche beaucoup plus rares. Dans les ann\u00e9es 1970, la Nasa avait volontairement provoqu\u00e9 des impacts durant son programme Apollo afin de recueillir des donn\u00e9es sismiques.<\/p>\n<p class=\"asset asset-text\">Selon l\u2019Agence spatiale europ\u00e9enne, plus de 46\u00a0000\u00a0d\u00e9bris spatiaux, pesant au total 17\u00a0000\u00a0tonnes, se trouvent actuellement en orbite, a-t-elle indiqu\u00e9 fin juillet. Certains experts ont averti que l\u2019accumulation excessive de d\u00e9bris spatiaux autour de la Terre pourrait entra\u00eener une dangereuse r\u00e9action en cha\u00eene de collisions, connue sous le nom de \u00ab\u00a0syndrome de Kessler\u00a0\u00bb.<\/p>\n","protected":false},"excerpt":{"rendered":"Thom Baur \/ Reuters Une fus\u00e9e Falcon 9 de la soci\u00e9t\u00e9 SpaceX, le 6 f\u00e9vrier 2018 \u00e0 Cap&hellip;\n","protected":false},"author":2,"featured_media":1111107,"comment_status":"","ping_status":"","sticky":false,"template":"","format":"standard","meta":{"footnotes":"","_share_on_mastodon":"0"},"categories":[7],"tags":[386,1011,27,4506,43,40,41,39,45,24551,42,44],"class_list":["post-1111106","post","type-post","status-publish","format-standard","has-post-thumbnail","category-sciences-et-technologies","tag-espace","tag-fr","tag-france","tag-lune","tag-science","tag-science-and-technology","tag-sciences","tag-sciences-et-technologies","tag-spacex","tag-tech-futurs","tag-technologies","tag-technology"],"share_on_mastodon":{"url":"https:\/\/pubeurope.com\/@fr\/117047468121757928","error":""},"_links":{"self":[{"href":"https:\/\/www.europesays.com\/fr\/wp-json\/wp\/v2\/posts\/1111106","targetHints":{"allow":["GET"]}}],"collection":[{"href":"https:\/\/www.europesays.com\/fr\/wp-json\/wp\/v2\/posts"}],"about":[{"href":"https:\/\/www.europesays.com\/fr\/wp-json\/wp\/v2\/types\/post"}],"author":[{"embeddable":true,"href":"https:\/\/www.europesays.com\/fr\/wp-json\/wp\/v2\/users\/2"}],"replies":[{"embeddable":true,"href":"https:\/\/www.europesays.com\/fr\/wp-json\/wp\/v2\/comments?post=1111106"}],"version-history":[{"count":0,"href":"https:\/\/www.europesays.com\/fr\/wp-json\/wp\/v2\/posts\/1111106\/revisions"}],"wp:featuredmedia":[{"embeddable":true,"href":"https:\/\/www.europesays.com\/fr\/wp-json\/wp\/v2\/media\/1111107"}],"wp:attachment":[{"href":"https:\/\/www.europesays.com\/fr\/wp-json\/wp\/v2\/media?parent=1111106"}],"wp:term":[{"taxonomy":"category","embeddable":true,"href":"https:\/\/www.europesays.com\/fr\/wp-json\/wp\/v2\/categories?post=1111106"},{"taxonomy":"post_tag","embeddable":true,"href":"https:\/\/www.europesays.com\/fr\/wp-json\/wp\/v2\/tags?post=1111106"}],"curies":[{"name":"wp","href":"https:\/\/api.w.org\/{rel}","templated":true}]}}