{"id":111111,"date":"2025-05-19T06:43:09","date_gmt":"2025-05-19T06:43:09","guid":{"rendered":"https:\/\/www.europesays.com\/fr\/111111\/"},"modified":"2025-05-19T06:43:09","modified_gmt":"2025-05-19T06:43:09","slug":"circulation-a-paris-a-quoi-sattendre-avec-les-operations-escargots-des-taxis","status":"publish","type":"post","link":"https:\/\/www.europesays.com\/fr\/111111\/","title":{"rendered":"Circulation \u00e0 Paris\u00a0: \u00e0 quoi s\u2019attendre avec les op\u00e9rations escargots des taxis\u00a0?"},"content":{"rendered":"<p class=\"paragraph text_align_left\">Soyez vigilants si vous prenez le volant ce lundi 19 mai en \u00cele-de-France, la F\u00e9d\u00e9ration nationale des taxis (FNDT) a <a href=\"https:\/\/actu.fr\/ile-de-france\/paris_75056\/les-taxis-manifestent-ce-lundi-en-france-contre-les-nouveaux-tarifs-sanitaires-a-quoi-s-attendre-a-paris_62653260.html\" target=\"_blank\" rel=\"noreferrer nofollow noopener\">appel\u00e9 les taxis \u00e0 se rassembler<\/a> \u00ab un petit peu partout sur le territoire \u00bb et plus particuli\u00e8rement \u00e0 Paris boulevard Raspail, dans le quartier des minist\u00e8res.<\/p>\n<p class=\"paragraph text_align_left\">Plusieurs centaines de taxi m\u00e8nent ainsi des op\u00e9rations escargots sur plusieurs axes de la r\u00e9gion en direction de la capitale, notamment sur l\u2019A6, l\u2019A13. \u00ab Actuellement, une manifestation (op\u00e9ration escargot) est en cours sur l\u2019autoroute A6 et l\u2019autoroute A13 plusieurs cort\u00e8ges se dirigent vers Paris. Les cort\u00e8ges progressent \u00e0 faible allure \u00bb, confirme le site gouvernemental Sytadin qui alerte les automobilistes sur une \u00ab circulation difficile \u00bb.<\/p>\n<p class=\"paragraph text_align_left\">\u00ab Ces ralentissements sont des mouvements sporadiques. Le gros de la mobilisation se trouve au niveau du Boulevard Raspail (VIe, VIIe et XIVe arrondissement), au carrefour avec le Boulevard Saint-Germain, o\u00f9 plusieurs centaines de taxis sont arriv\u00e9es vers 7 heures ce matin et \u00e7a devrait continuer \u00e0 se remplir \u00bb, pr\u00e9cise Dominique Buisson, secr\u00e9taire f\u00e9d\u00e9ral de la FNDT, qui pr\u00e9voyait \u00ab plus de 5 000 \u00bb v\u00e9hicules au total dimanche.<\/p>\n<p class=\"paragraph text_align_left\">Les professionnels doivent prendre la direction du minist\u00e8re des Transports, situ\u00e9 boulevard Saint-Germain, dans le VIIe arrondissement, faisant \u00ab officiellement la plus grande visite touristique de taxis sur les Champs-\u00c9lys\u00e9es \u00bb, \u00e9crivait avec sarcasme la f\u00e9d\u00e9ration dans son communiqu\u00e9 officiel.<\/p>\n<p>\u00ab C\u2019est de la pure provocation \u00bb<\/p>\n<p class=\"paragraph text_align_left\">\u00ab Notre col\u00e8re fera l\u2019histoire \u00bb, pr\u00e9vient la FNDT : cette mobilisation intervient dans le cadre d\u2019un mouvement de protestation contre un projet de nouvelle tarification impos\u00e9e par la Caisse primaire d\u2019assurance maladie (Cnam) sur les transports de malades aux chauffeurs conventionn\u00e9s.<\/p>\n<p class=\"paragraph text_align_left\">Cette mesure doit encore \u00eatre approuv\u00e9e par le gouvernement, et entrerait en vigueur le 1er octobre 2025. <a href=\"https:\/\/www.leparisien.fr\/economie\/budget-impots-retraites-depenses-de-sante-ou-trouver-40-milliards-deuros-14-04-2025-CBO65N4UYFB3JD3B5YZ5DLYFE4.php\" rel=\"nofollow noopener\" target=\"_blank\">L\u2019objectif est de contr\u00f4ler la croissance de la d\u00e9pense de transports sanitaires<\/a>, qui s\u2019est \u00e9lev\u00e9e \u00e0 6,74 milliards d\u2019euros en 2024, dont 3,07 milliards pour les taxis conventionn\u00e9s (+ 45 % depuis 2019).<\/p>\n<p class=\"paragraph text_align_left\">\u00ab L\u2019annonce de la parution de la d\u00e9cision du pr\u00e9sident de la Cnam \u00e0 quelques jours de notre manifestation d\u00e9montre le m\u00e9pris total envers notre profession, c\u2019est de la pure provocation \u00bb, estime Dominique Buisson. Si cette mesure venait \u00e0 \u00eatre appliqu\u00e9e, les taxis seront r\u00e9mun\u00e9r\u00e9s sur la base d\u2019un forfait de prise en charge et d\u2019une tarification kilom\u00e9trique align\u00e9e sur le tarif fix\u00e9 dans chaque d\u00e9partement.<\/p>\n<p class=\"paragraph text_align_left\">Selon la pr\u00e9sidente de la F\u00e9d\u00e9ration nationale du taxi, Emmanuelle Cordier, les entreprises perdront \u00ab entre 30 et 40 % \u00bb de leur chiffre d\u2019affaires actuel en raison des nouvelles r\u00e8gles tarifaires.<\/p>\n<p class=\"paragraph text_align_left\">La FNDT qui exige une r\u00e9union interminist\u00e9rielle, en pr\u00e9sence des ministres, pr\u00e9cise que la mobilisation du jour pourrait \u00ab \u00eatre reconduite ou adapt\u00e9e \u00bb en fonction \u00ab de l\u2019\u00e9volution des discussions avec les pouvoirs publics \u00bb.<\/p>\n","protected":false},"excerpt":{"rendered":"Soyez vigilants si vous prenez le volant ce lundi 19 mai en \u00cele-de-France, la F\u00e9d\u00e9ration nationale des taxis&hellip;\n","protected":false},"author":2,"featured_media":111112,"comment_status":"","ping_status":"","sticky":false,"template":"","format":"standard","meta":{"footnotes":""},"categories":[1888],"tags":[11,1777,674,1011,27,1944,12,626,25],"class_list":{"0":"post-111111","1":"post","2":"type-post","3":"status-publish","4":"format-standard","5":"has-post-thumbnail","7":"category-paris","8":"tag-actualites","9":"tag-eu","10":"tag-europe","11":"tag-fr","12":"tag-france","13":"tag-ma-ville","14":"tag-news","15":"tag-paris","16":"tag-republique-francaise"},"share_on_mastodon":{"url":"https:\/\/pubeurope.com\/@fr\/114533145506900204","error":""},"_links":{"self":[{"href":"https:\/\/www.europesays.com\/fr\/wp-json\/wp\/v2\/posts\/111111","targetHints":{"allow":["GET"]}}],"collection":[{"href":"https:\/\/www.europesays.com\/fr\/wp-json\/wp\/v2\/posts"}],"about":[{"href":"https:\/\/www.europesays.com\/fr\/wp-json\/wp\/v2\/types\/post"}],"author":[{"embeddable":true,"href":"https:\/\/www.europesays.com\/fr\/wp-json\/wp\/v2\/users\/2"}],"replies":[{"embeddable":true,"href":"https:\/\/www.europesays.com\/fr\/wp-json\/wp\/v2\/comments?post=111111"}],"version-history":[{"count":0,"href":"https:\/\/www.europesays.com\/fr\/wp-json\/wp\/v2\/posts\/111111\/revisions"}],"wp:featuredmedia":[{"embeddable":true,"href":"https:\/\/www.europesays.com\/fr\/wp-json\/wp\/v2\/media\/111112"}],"wp:attachment":[{"href":"https:\/\/www.europesays.com\/fr\/wp-json\/wp\/v2\/media?parent=111111"}],"wp:term":[{"taxonomy":"category","embeddable":true,"href":"https:\/\/www.europesays.com\/fr\/wp-json\/wp\/v2\/categories?post=111111"},{"taxonomy":"post_tag","embeddable":true,"href":"https:\/\/www.europesays.com\/fr\/wp-json\/wp\/v2\/tags?post=111111"}],"curies":[{"name":"wp","href":"https:\/\/api.w.org\/{rel}","templated":true}]}}