{"id":1111196,"date":"2026-08-06T08:45:24","date_gmt":"2026-08-06T08:45:24","guid":{"rendered":"https:\/\/www.europesays.com\/fr\/1111196\/"},"modified":"2026-08-06T08:45:24","modified_gmt":"2026-08-06T08:45:24","slug":"guide-gratuit-a-telecharger-etudier-en-france-apres-une-scolarite-a-letranger","status":"publish","type":"post","link":"https:\/\/www.europesays.com\/fr\/1111196\/","title":{"rendered":"Guide gratuit \u00e0 t\u00e9l\u00e9charger : Etudier en France apr\u00e8s une scolarit\u00e9 \u00e0 l&rsquo;\u00e9tranger"},"content":{"rendered":"<p>Apr\u00e8s une scolarit\u00e9 \u00e0 l\u2019\u00e9tranger, nombreux sont les jeunes francophones qui envisagent un retour en France pour leurs \u00e9tudes sup\u00e9rieures. Mais comment s\u2019y retrouver entre <strong data-start=\"789\" data-end=\"803\">Parcoursup<\/strong>, <strong data-start=\"805\" data-end=\"822\">Campus France<\/strong>, les <strong data-start=\"828\" data-end=\"856\">\u00e9quivalences de dipl\u00f4mes<\/strong> et les <strong data-start=\"864\" data-end=\"888\">diff\u00e9rentes fili\u00e8res<\/strong> possibles \u2014 universit\u00e9s, grandes \u00e9coles, bachelors, pr\u00e9pas ?<\/p>\n<p data-start=\"953\" data-end=\"1260\">Pour les accompagner dans cette \u00e9tape d\u00e9terminante, French Morning et Fran\u00e7ais \u00e0 l\u2019\u00e9tranger publient le <strong data-start=\"1061\" data-end=\"1135\">Guide 2026\/2027 \u201c\u00c9tudier en France \u2013 apr\u00e8s une scolarit\u00e9 \u00e0 l\u2019\u00e9tranger\u201d<\/strong>, une \u00e9dition compl\u00e8te et pratique qui r\u00e9pond \u00e0 toutes les questions que se posent les lyc\u00e9ens expatri\u00e9s et leurs familles.<\/p>\n<p data-start=\"1262\" data-end=\"1466\">Ce guide de plus de 50 pages r\u00e9unit <strong data-start=\"1298\" data-end=\"1340\">toutes les informations indispensables<\/strong> pour comprendre les d\u00e9marches, choisir la bonne formation et r\u00e9ussir sa r\u00e9int\u00e9gration dans le syst\u00e8me universitaire fran\u00e7ais.<\/p>\n<p data-start=\"1398\" data-end=\"1590\">T\u00e9l\u00e9chargez d\u00e8s maintenant la <strong data-start=\"1428\" data-end=\"1452\">version PDF gratuite :\u00a0<\/strong><\/p>\n<p data-start=\"1592\" data-end=\"1828\">\ud83d\udc49 <strong data-start=\"1595\" data-end=\"1645\">Remplissez simplement le formulaire ci-dessous<\/strong> pour recevoir votre exemplaire num\u00e9rique du dossier complet directement dans votre boite email.<\/p>\n<p data-start=\"1830\" data-end=\"1977\"><strong data-start=\"1830\" data-end=\"1898\">\ud83d\udce9 T\u00e9l\u00e9charger gratuitement le guide \u201cEtudier en France apr\u00e8s une scolarit\u00e9 \u00e0 l\u2019\u00e9tranger\u201d (Version PDF)<\/strong><\/p>\n<p>Dossier <a href=\"https:\/\/www.francaisaletranger.fr\/series\/etudier-en-france-novembre-2026\/\" class=\"nelio-content-series-19659\" title=\"Etudier en France - Novembre 2025\" rel=\"nofollow noopener\" target=\"_blank\">Etudier en France &#8211; Novembre 2025<\/a>\t\t\t\t\t\t\t\t\t\t\t\t\t\t\t\t\t\t\t\t\t\t\t\t\t\t\t<\/p>\n","protected":false},"excerpt":{"rendered":"Apr\u00e8s une scolarit\u00e9 \u00e0 l\u2019\u00e9tranger, nombreux sont les jeunes francophones qui envisagent un retour en France pour leurs&hellip;\n","protected":false},"author":2,"featured_media":1111197,"comment_status":"","ping_status":"","sticky":false,"template":"","format":"standard","meta":{"footnotes":"","_share_on_mastodon":"0"},"categories":[4],"tags":[11,8735,50134,11615,1011,27,12,25],"class_list":["post-1111196","post","type-post","status-publish","format-standard","has-post-thumbnail","category-france","tag-actualites","tag-enseignement-supu00e9rieur","tag-etudier-en-france","tag-featured","tag-fr","tag-france","tag-news","tag-republique-francaise"],"share_on_mastodon":{"url":"https:\/\/pubeurope.com\/@fr\/117047690684920739","error":""},"_links":{"self":[{"href":"https:\/\/www.europesays.com\/fr\/wp-json\/wp\/v2\/posts\/1111196","targetHints":{"allow":["GET"]}}],"collection":[{"href":"https:\/\/www.europesays.com\/fr\/wp-json\/wp\/v2\/posts"}],"about":[{"href":"https:\/\/www.europesays.com\/fr\/wp-json\/wp\/v2\/types\/post"}],"author":[{"embeddable":true,"href":"https:\/\/www.europesays.com\/fr\/wp-json\/wp\/v2\/users\/2"}],"replies":[{"embeddable":true,"href":"https:\/\/www.europesays.com\/fr\/wp-json\/wp\/v2\/comments?post=1111196"}],"version-history":[{"count":0,"href":"https:\/\/www.europesays.com\/fr\/wp-json\/wp\/v2\/posts\/1111196\/revisions"}],"wp:featuredmedia":[{"embeddable":true,"href":"https:\/\/www.europesays.com\/fr\/wp-json\/wp\/v2\/media\/1111197"}],"wp:attachment":[{"href":"https:\/\/www.europesays.com\/fr\/wp-json\/wp\/v2\/media?parent=1111196"}],"wp:term":[{"taxonomy":"category","embeddable":true,"href":"https:\/\/www.europesays.com\/fr\/wp-json\/wp\/v2\/categories?post=1111196"},{"taxonomy":"post_tag","embeddable":true,"href":"https:\/\/www.europesays.com\/fr\/wp-json\/wp\/v2\/tags?post=1111196"}],"curies":[{"name":"wp","href":"https:\/\/api.w.org\/{rel}","templated":true}]}}