{"id":111120,"date":"2025-05-19T06:48:08","date_gmt":"2025-05-19T06:48:08","guid":{"rendered":"https:\/\/www.europesays.com\/fr\/111120\/"},"modified":"2025-05-19T06:48:08","modified_gmt":"2025-05-19T06:48:08","slug":"ukraine-entretien-entre-france-gb-usa-italie-et-allemagne-19-05-2025-a-0209","status":"publish","type":"post","link":"https:\/\/www.europesays.com\/fr\/111120\/","title":{"rendered":"Ukraine-Entretien entre France, GB, USA, Italie et Allemagne &#8211; 19\/05\/2025 \u00e0 02:09"},"content":{"rendered":"<p>\n Emmanuel Macron s&rsquo;est entretenu<br \/>\ndimanche de la guerre en Ukraine avec les dirigeants des<br \/>\nEtats-Unis, de la Grande-Bretagne, de l&rsquo;Italie et de<br \/>\nl&rsquo;Allemagne.\n<\/p>\n<p>\n Le pr\u00e9sident fran\u00e7ais, son homologue am\u00e9ricain, le Premier<br \/>\nministre britannique, la pr\u00e9sidente du Conseil italien et le<br \/>\nchancelier allemand ont discut\u00e9 de la n\u00e9cessit\u00e9 de parvenir \u00e0 un<br \/>\ncessez-le-feu inconditionnel alors que Donald Trump doit<br \/>\ns&rsquo;entretenir lundi par t\u00e9l\u00e9phone avec son homologue russe<br \/>\nVladimir Poutine.\n<\/p>\n<p>\n \u00ab\u00a0Au pr\u00e9sident Poutine de prouver demain qu&rsquo;il veut vraiment<br \/>\nla paix et d&rsquo;accepter le cessez-le-feu inconditionnel de 30<br \/>\njours propos\u00e9 par le pr\u00e9sident Trump, soutenu par l&rsquo;Ukraine et<br \/>\nl&rsquo;Europe\u00a0\u00bb, a \u00e9crit Emmanuel Macron dans un message publi\u00e9 sur le<br \/>\nr\u00e9seau social X.\n<\/p>\n<p>\n Les dirigeants ont \u00e9galement abord\u00e9 la question du recours \u00e0<br \/>\ndes sanctions si la Russie ne s&rsquo;engageait pas s\u00e9rieusement \u00e0<br \/>\nparvenir \u00e0 un cessez-le-feu et \u00e0 tenir des pourparlers de paix,<br \/>\na fait savoir un porte-parole du 10 Downing Street.\n<\/p>\n<p>\n Cet entretien intervient apr\u00e8s le d\u00e9placement du pr\u00e9sident<br \/>\nfran\u00e7ais Emmanuel Macron, du chancelier allemand Friedrich Merz,<br \/>\ndu Premier ministre britannique Keir Starmer et de son homologue<br \/>\npolonais Donald Tusk \u00e0 Kyiv lors duquel ils ont soutenu le plan<br \/>\nam\u00e9ricain d&rsquo;un cessez-le-feu de 30 jours entre l&rsquo;Ukraine et la<br \/>\nRussie, tout en mena\u00e7ant Moscou de nouvelles sanctions.\n<\/p>\n<p>\n Des pourparlers directs entre Russes et Ukrainiens, les<br \/>\npremiers depuis trois ans, se sont tenus vendredi en Turquie,<br \/>\nmais ces discussions, qui n&rsquo;ont dur\u00e9 qu&rsquo;une heure et 40 minutes,<br \/>\nn&rsquo;ont pas permis de progresser vers un cessez-le-feu.\n<\/p>\n<p>\n La Russie a lanc\u00e9 dans la nuit de samedi \u00e0 dimanche sa plus<br \/>\nvaste attaque de drones contre l&rsquo;Ukraine depuis le d\u00e9but de son<br \/>\ninvasion \u00e0 grande \u00e9chelle du pays en f\u00e9vrier 2022, tuant au<br \/>\nmoins une femme dans la r\u00e9gion de Kyiv.\n<\/p>\n<p>\n (Angela Christy in Bengaluru and Lidia Kelly in Melbourne;<br \/>\nversion fran\u00e7aise Camille Raynaud)<\/p>\n","protected":false},"excerpt":{"rendered":"Emmanuel Macron s&rsquo;est entretenu dimanche de la guerre en Ukraine avec les dirigeants des Etats-Unis, de la Grande-Bretagne,&hellip;\n","protected":false},"author":2,"featured_media":7013,"comment_status":"","ping_status":"","sticky":false,"template":"","format":"standard","meta":{"footnotes":""},"categories":[1587],"tags":[400,11,672,398,408,1804,405,1805,1803,1777,674,1801,403,402,399,404,12,1802,401,406,407],"class_list":{"0":"post-111120","1":"post","2":"type-post","3":"status-publish","4":"format-standard","5":"has-post-thumbnail","7":"category-allemagne","8":"tag-action-cac-40","9":"tag-actualites","10":"tag-allemagne","11":"tag-bourse-de-paris","12":"tag-boursorama","13":"tag-bundesrepublik-deutschland","14":"tag-cotations","15":"tag-de","16":"tag-deutschland","17":"tag-eu","18":"tag-europe","19":"tag-germany","20":"tag-indices-devises","21":"tag-investir","22":"tag-investissement","23":"tag-marche-boursier","24":"tag-news","25":"tag-republique-federale-dallemagne","26":"tag-sicav","27":"tag-trackers","28":"tag-warrants"},"share_on_mastodon":{"url":"","error":""},"_links":{"self":[{"href":"https:\/\/www.europesays.com\/fr\/wp-json\/wp\/v2\/posts\/111120","targetHints":{"allow":["GET"]}}],"collection":[{"href":"https:\/\/www.europesays.com\/fr\/wp-json\/wp\/v2\/posts"}],"about":[{"href":"https:\/\/www.europesays.com\/fr\/wp-json\/wp\/v2\/types\/post"}],"author":[{"embeddable":true,"href":"https:\/\/www.europesays.com\/fr\/wp-json\/wp\/v2\/users\/2"}],"replies":[{"embeddable":true,"href":"https:\/\/www.europesays.com\/fr\/wp-json\/wp\/v2\/comments?post=111120"}],"version-history":[{"count":0,"href":"https:\/\/www.europesays.com\/fr\/wp-json\/wp\/v2\/posts\/111120\/revisions"}],"wp:featuredmedia":[{"embeddable":true,"href":"https:\/\/www.europesays.com\/fr\/wp-json\/wp\/v2\/media\/7013"}],"wp:attachment":[{"href":"https:\/\/www.europesays.com\/fr\/wp-json\/wp\/v2\/media?parent=111120"}],"wp:term":[{"taxonomy":"category","embeddable":true,"href":"https:\/\/www.europesays.com\/fr\/wp-json\/wp\/v2\/categories?post=111120"},{"taxonomy":"post_tag","embeddable":true,"href":"https:\/\/www.europesays.com\/fr\/wp-json\/wp\/v2\/tags?post=111120"}],"curies":[{"name":"wp","href":"https:\/\/api.w.org\/{rel}","templated":true}]}}