{"id":111125,"date":"2025-05-19T06:51:09","date_gmt":"2025-05-19T06:51:09","guid":{"rendered":"https:\/\/www.europesays.com\/fr\/111125\/"},"modified":"2025-05-19T06:51:09","modified_gmt":"2025-05-19T06:51:09","slug":"perrier-buitoni-herta-pour-nestle-les-gains-justifient-les-moyens-liberation","status":"publish","type":"post","link":"https:\/\/www.europesays.com\/fr\/111125\/","title":{"rendered":"Perrier, Buitoni, Herta\u2026 Pour Nestl\u00e9, les gains justifient les moyens \u2013 Lib\u00e9ration"},"content":{"rendered":"<p class=\"sc-ksZaOG ehjQrN text-element\">L\u2019offensive judiciaire est suffisamment rare pour \u00eatre soulign\u00e9e. Avant m\u00eame que la commission d\u2019enqu\u00eate s\u00e9natoriale sur les pratiques des industriels de l\u2019eau en bouteille n\u2019ait achev\u00e9 son <a href=\"https:\/\/www.liberation.fr\/environnement\/scandale-des-eaux-minerales-contaminees-le-senat-lance-une-mission-parlementaire-20240411_3DAFFJLYMBALDHCDP4X3KP4CHY\/\" target=\"_blank\" rel=\"nofollow noopener\" title=\"https:\/\/www.liberation.fr\/environnement\/scandale-des-eaux-minerales-contaminees-le-senat-lance-une-mission-parlementaire-20240411_3DAFFJLYMBALDHCDP4X3KP4CHY\/\">rapport rendu public ce lundi 19 mai<\/a>, le directeur industriel de la filiale eau du groupe Nestl\u00e9 a fait l\u2019objet d\u2019un signalement \u00e0 la justice pour <a href=\"https:\/\/www.liberation.fr\/politique\/commission-denquete-sur-les-eaux-minerales-le-senat-saisit-la-justice-pour-faux-temoignage-du-directeur-industriel-de-nestle-waters-20250512_IRX6MYB5HRAZRPYX7FT67HDYUQ\/\" target=\"_blank\" rel=\"nofollow noopener\" title=\"https:\/\/www.liberation.fr\/politique\/commission-denquete-sur-les-eaux-minerales-le-senat-saisit-la-justice-pour-faux-temoignage-du-directeur-industriel-de-nestle-waters-20250512_IRX6MYB5HRAZRPYX7FT67HDYUQ\/\">\u00abparjure\u00bb<\/a>. En clair, il lui est reproch\u00e9 d\u2019avoir menti lors d\u2019une audition sous serment le 26 mars. Ronan Le Fanic a affirm\u00e9 qu\u2019il n\u2019y avait pas de probl\u00e8me sur les lignes de production de Perrier sur le site de Verg\u00e8ze (Gard). Or, au m\u00eame moment, la source de la c\u00e9l\u00e8bre boisson gazeuse \u00e9tait confront\u00e9e \u00e0 une contamination. Ce qui<\/p>\n","protected":false},"excerpt":{"rendered":"L\u2019offensive judiciaire est suffisamment rare pour \u00eatre soulign\u00e9e. Avant m\u00eame que la commission d\u2019enqu\u00eate s\u00e9natoriale sur les pratiques&hellip;\n","protected":false},"author":2,"featured_media":111126,"comment_status":"","ping_status":"","sticky":false,"template":"","format":"standard","meta":{"footnotes":""},"categories":[2],"tags":[11,1011,27,5824,12,25],"class_list":{"0":"post-111125","1":"post","2":"type-post","3":"status-publish","4":"format-standard","5":"has-post-thumbnail","7":"category-actualites","8":"tag-actualites","9":"tag-fr","10":"tag-france","11":"tag-nestle","12":"tag-news","13":"tag-republique-francaise"},"share_on_mastodon":{"url":"https:\/\/pubeurope.com\/@fr\/114533176626708825","error":""},"_links":{"self":[{"href":"https:\/\/www.europesays.com\/fr\/wp-json\/wp\/v2\/posts\/111125","targetHints":{"allow":["GET"]}}],"collection":[{"href":"https:\/\/www.europesays.com\/fr\/wp-json\/wp\/v2\/posts"}],"about":[{"href":"https:\/\/www.europesays.com\/fr\/wp-json\/wp\/v2\/types\/post"}],"author":[{"embeddable":true,"href":"https:\/\/www.europesays.com\/fr\/wp-json\/wp\/v2\/users\/2"}],"replies":[{"embeddable":true,"href":"https:\/\/www.europesays.com\/fr\/wp-json\/wp\/v2\/comments?post=111125"}],"version-history":[{"count":0,"href":"https:\/\/www.europesays.com\/fr\/wp-json\/wp\/v2\/posts\/111125\/revisions"}],"wp:featuredmedia":[{"embeddable":true,"href":"https:\/\/www.europesays.com\/fr\/wp-json\/wp\/v2\/media\/111126"}],"wp:attachment":[{"href":"https:\/\/www.europesays.com\/fr\/wp-json\/wp\/v2\/media?parent=111125"}],"wp:term":[{"taxonomy":"category","embeddable":true,"href":"https:\/\/www.europesays.com\/fr\/wp-json\/wp\/v2\/categories?post=111125"},{"taxonomy":"post_tag","embeddable":true,"href":"https:\/\/www.europesays.com\/fr\/wp-json\/wp\/v2\/tags?post=111125"}],"curies":[{"name":"wp","href":"https:\/\/api.w.org\/{rel}","templated":true}]}}