{"id":111127,"date":"2025-05-19T06:52:09","date_gmt":"2025-05-19T06:52:09","guid":{"rendered":"https:\/\/www.europesays.com\/fr\/111127\/"},"modified":"2025-05-19T06:52:09","modified_gmt":"2025-05-19T06:52:09","slug":"prologis-va-investir-64-milliards-deuros-en-entrepots-et-data-centers","status":"publish","type":"post","link":"https:\/\/www.europesays.com\/fr\/111127\/","title":{"rendered":"Prologis va investir 6,4 milliards d&rsquo;euros en entrep\u00f4ts et data centers"},"content":{"rendered":"<p>Le g\u00e9ant am\u00e9ricain de la logistique doit annoncer ce lundi des investissements sur plusieurs sites fran\u00e7ais. D\u2019autres entreprises devraient \u00e9galement confirmer leurs ambitions dans l\u2019Hexagone \u00e0 l\u2019occasion du sommet organis\u00e9 par l\u2019\u00c9lys\u00e9e.<\/p>\n<p class=\"fig-paragraph\">Un nouveau coup de filet\u00a0<a href=\"http:\/\/www.lefigaro.fr\/conjoncture\/plus-de-20-milliards-d-euros-d-investissements-attendus-au-sommet-choose-france-annonce-macron-20250516\" data-fig-type=\"NewsFlash\" data-gtm-custom-categorie=\"navigation\" data-gtm-custom-action=\"crossclick\" data-gtm-custom-label=\"Contextuel\" data-gtm-event=\"customEventSPE\" data-fig-domain=\"LEFIGARO\" target=\"_blank\" rel=\"noopener\">pour Choose France<\/a>. Le g\u00e9ant am\u00e9ricain de la logistique Prologis va annoncer ce lundi 19 mai un investissement de 6,4 milliards d&rsquo;euros dans l\u2019Hexagone, en entrep\u00f4ts et data centers, dans le cadre du sommet Choose France, selon l&rsquo;\u00c9lys\u00e9e.<\/p>\n<p class=\"fig-paragraph\">L&rsquo;investissement de\u00a0<a href=\"http:\/\/www.lefigaro.fr\/flash-eco\/immobilier-commercial-prologis-rachete-duke-realty-pour-26-milliards-de-dollars-20220613\" data-fig-type=\"NewsFlash\" data-gtm-custom-categorie=\"navigation\" data-gtm-custom-action=\"crossclick\" data-gtm-custom-label=\"Contextuel\" data-gtm-event=\"customEventSPE\" data-fig-domain=\"LEFIGARO\" target=\"_blank\" rel=\"noopener\">Prologis<\/a>\u00a0comprend un milliard d&rsquo;euros pour 750.000 m2 d\u2019entrep\u00f4ts d&rsquo;ici 2028, ciblant les march\u00e9s de Marseille, Lyon, Paris et Le Havre, et permettant la cr\u00e9ation de plus de 3200 emplois directs et 2400 emplois indirects. Parall\u00e8lement, Prologis veut d\u00e9velopper quatre grands projets de centres de donn\u00e9es en r\u00e9gion parisienne, repr\u00e9sentant une capacit\u00e9 totale de 584 m\u00e9gawatts.<\/p>\n<p class=\"fig-paragraph\">Ces d\u00e9veloppements, pr\u00e9cise l&rsquo;\u00c9lys\u00e9e, \u00abs&rsquo;inscrivent dans le cadre de la strat\u00e9gie europ\u00e9enne plus large de Prologis\u00bb, qui inclut d\u00e9j\u00e0 435 MW de capacit\u00e9 s\u00e9curis\u00e9e &#8211; dont 184 MW en France &#8211; avec 400 MW suppl\u00e9mentaires vis\u00e9s d&rsquo;ici le troisi\u00e8me trimestre 2025. La mise en service compl\u00e8te est pr\u00e9vue d&rsquo;ici 2035, \u00abavec une projection de plus de 400 emplois directs et 3000 emplois indirects cr\u00e9\u00e9s\u00bb.<\/p>\n<p>D\u2019autres investissements confirm\u00e9s \u00e0 l\u2019occasion de Choose France<\/p>\n<p class=\"fig-paragraph\">Parall\u00e8lement, le canadien Brookfield va confirmer \u00e0 l\u2019occasion du sommet un investissement allant jusqu\u2019\u00e0 10 milliards d\u2019euros pour un site d\u2019infrastructures d\u2019intelligence artificielle (IA) qui sera localis\u00e9 \u00e0 Cambrai (Nord), avec pr\u00e8s de 4000 emplois directs et indirects \u00e0 la cl\u00e9. Le projet de Brookfield fait partie du\u00a0<a href=\"http:\/\/www.lefigaro.fr\/secteur\/high-tech\/avec-brookfield-un-nouveau-mega-investissement-de-20-milliards-d-euros-dans-les-data-centers-en-france-20250209\" data-fig-type=\"Article\" data-gtm-custom-categorie=\"navigation\" data-gtm-custom-action=\"crossclick\" data-gtm-custom-label=\"Contextuel\" data-gtm-event=\"customEventSPE\" data-fig-domain=\"LEFIGARO\" target=\"_blank\" rel=\"noopener\">partenariat strat\u00e9gique de 20 milliards d&rsquo;euros annonc\u00e9 avec le gouvernement fran\u00e7ais<\/a>\u00a0lors du Sommet pour l&rsquo;action sur l&rsquo;Intelligence artificielle de f\u00e9vrier, qui avait recueilli 109 milliards d&rsquo;euros d&rsquo;annonces d&rsquo;investissement priv\u00e9s \u00e9trangers et fran\u00e7ais en France dans les infrastructures d&rsquo;IA.<\/p>\n<p class=\"fig-paragraph\">Le site pilote, E-Valley \u00e0 Cambrai, sera le premier \u00e0 voir le jour, avec un d\u00e9marrage des travaux pr\u00e9vu en 2026, pour une capacit\u00e9 d&rsquo;au moins 300 MW \u00e0 court terme, et jusqu&rsquo;\u00e0 un GW. Deux autres implantations ont \u00e9t\u00e9 identifi\u00e9es dans le nord de la France, ce qui constituera \u00able plus grand cluster d&rsquo;infrastructures d&rsquo;IA en Europe, avec une capacit\u00e9 totale cible de plus de 2 GW\u00bb, selon l&rsquo;\u00c9lys\u00e9e. L&rsquo;initiative portera \u00e0 plus de 50 milliards d&rsquo;euros les actifs en France de Brookfield d&rsquo;ici \u00e0 2030.<\/p>\n<p class=\"fig-paragraph\">L&rsquo;Am\u00e9ricain Digital Realty va aussi confirmer lundi ses engagements de f\u00e9vrier, pour 2,3 milliards d&rsquo;euros, avec \u00abdeux projets structurants\u00bb, \u00e0 Marseille et \u00e0 Dugny (Seine-Saint-Denis) de centres de donn\u00e9es, et 750 emplois directs et indirects g\u00e9n\u00e9r\u00e9s.<\/p>\n<p class=\"fig-paragraph\">Enfin, un autre projet \u00e0 plusieurs milliards d&rsquo;euros \u00e9tait lundi matin en cours de finalisation, dans le cadre de l&rsquo;accord-cadre entre la France et les \u00c9mirats arabes unis annonc\u00e9 en f\u00e9vrier, qui pr\u00e9voit jusqu\u00e0 50 milliards d&rsquo;euros d&rsquo;investissements.<\/p>\n<p class=\"fig-paragraph\">Le fonds d&rsquo;investissement \u00e9mirati MGX, la banque publique d&rsquo;investissement Bpifrance, l&rsquo;entreprise fran\u00e7aise d&rsquo;IA Mistral et le g\u00e9ant am\u00e9ricain des processeurs graphiques Nvidia annonceraient ainsi le lancement en \u00cele-de-France de la premi\u00e8re tranche, visant \u00e0 \u00eatre op\u00e9rationnelle en 2028, d&rsquo;un campus IA associant data centers, calcul de haute performance, \u00e9ducation et recherche, d&rsquo;une capacit\u00e9 de 1,4 GW d&rsquo;ici 2030.<\/p>\n","protected":false},"excerpt":{"rendered":"Le g\u00e9ant am\u00e9ricain de la logistique doit annoncer ce lundi des investissements sur plusieurs sites fran\u00e7ais. D\u2019autres entreprises&hellip;\n","protected":false},"author":2,"featured_media":111128,"comment_status":"","ping_status":"","sticky":false,"template":"","format":"standard","meta":{"footnotes":""},"categories":[2],"tags":[631,627,630,11,340,398,343,21601,634,405,629,636,632,638,1011,27,637,399,639,2726,635,12,25,401,628,633,407],"class_list":{"0":"post-111127","1":"post","2":"type-post","3":"status-publish","4":"format-standard","5":"has-post-thumbnail","7":"category-actualites","8":"tag-action","9":"tag-actions-francaise","10":"tag-actualite-bourse","11":"tag-actualites","12":"tag-bourse","13":"tag-bourse-de-paris","14":"tag-cac-40","15":"tag-choose-france","16":"tag-cotation","17":"tag-cotations","18":"tag-cours-des-societes-francaises","19":"tag-devises","20":"tag-fcp","21":"tag-figaro","22":"tag-fr","23":"tag-france","24":"tag-indices","25":"tag-investissement","26":"tag-le-figaro","27":"tag-logistique","28":"tag-marches","29":"tag-news","30":"tag-republique-francaise","31":"tag-sicav","32":"tag-societes-etrangeres","33":"tag-warrant","34":"tag-warrants"},"share_on_mastodon":{"url":"https:\/\/pubeurope.com\/@fr\/114533180859296515","error":""},"_links":{"self":[{"href":"https:\/\/www.europesays.com\/fr\/wp-json\/wp\/v2\/posts\/111127","targetHints":{"allow":["GET"]}}],"collection":[{"href":"https:\/\/www.europesays.com\/fr\/wp-json\/wp\/v2\/posts"}],"about":[{"href":"https:\/\/www.europesays.com\/fr\/wp-json\/wp\/v2\/types\/post"}],"author":[{"embeddable":true,"href":"https:\/\/www.europesays.com\/fr\/wp-json\/wp\/v2\/users\/2"}],"replies":[{"embeddable":true,"href":"https:\/\/www.europesays.com\/fr\/wp-json\/wp\/v2\/comments?post=111127"}],"version-history":[{"count":0,"href":"https:\/\/www.europesays.com\/fr\/wp-json\/wp\/v2\/posts\/111127\/revisions"}],"wp:featuredmedia":[{"embeddable":true,"href":"https:\/\/www.europesays.com\/fr\/wp-json\/wp\/v2\/media\/111128"}],"wp:attachment":[{"href":"https:\/\/www.europesays.com\/fr\/wp-json\/wp\/v2\/media?parent=111127"}],"wp:term":[{"taxonomy":"category","embeddable":true,"href":"https:\/\/www.europesays.com\/fr\/wp-json\/wp\/v2\/categories?post=111127"},{"taxonomy":"post_tag","embeddable":true,"href":"https:\/\/www.europesays.com\/fr\/wp-json\/wp\/v2\/tags?post=111127"}],"curies":[{"name":"wp","href":"https:\/\/api.w.org\/{rel}","templated":true}]}}