{"id":1111310,"date":"2026-08-06T10:02:12","date_gmt":"2026-08-06T10:02:12","guid":{"rendered":"https:\/\/www.europesays.com\/fr\/1111310\/"},"modified":"2026-08-06T10:02:12","modified_gmt":"2026-08-06T10:02:12","slug":"restez-chez-vous-le-flnc-a-vivement-rejete-lautonomie-de-la-corse-et-sen-prend-aux-nouveaux-arrivants","status":"publish","type":"post","link":"https:\/\/www.europesays.com\/fr\/1111310\/","title":{"rendered":"\u00abRestez chez vous\u00bb : le FLNC a \u00abvivement\u00bb rejet\u00e9 l\u2019autonomie de la Corse et s\u2019en prend aux nouveaux arrivants"},"content":{"rendered":"<p>\n    Le FLNC-Union des Combattants rejette l\u2019autonomie de la Corse en discussion et menace les nouveaux arrivants sur l\u2019\u00eele, d\u00e9non\u00e7ant une \u00abcolonisation de peuplement\u00bb. Le parquet antiterroriste ouvre une enqu\u00eate.<\/p>\n<p class=\"fig-paragraph\">Par la voix d&rsquo;hommes en armes,\u00a0<a href=\"http:\/\/www.lefigaro.fr\/actualite-france\/50-ans-d-attentats-et-de-derives-le-flnc-un-mythe-nationaliste-corse-en-voie-d-extinction-20260505\" data-fig-type=\"Article\" data-gtm-custom-categorie=\"navigation\" data-gtm-custom-action=\"crossclick\" data-gtm-custom-label=\"Contextuel\" data-gtm-event=\"customEventSPE\" data-fig-domain=\"LEFIGARO\" rel=\"nofollow noopener\" target=\"_blank\">le groupuscule clandestin ind\u00e9pendantiste Front de lib\u00e9ration nationale corse &#8211; Union des Combattants (FLNC-UC)\u00a0<\/a>a vivement rejet\u00e9 l&rsquo;autonomie actuellement en discussion pour l&rsquo;\u00eele et tous ses soutiens, mena\u00e7ant \u00e9galement les non-Corses venant vivre dans l&rsquo;\u00eele.\u00a0<\/p>\n<p>Au lendemain de ces annonces, le parquet antiterroriste a d\u00e9cid\u00e9 d\u2019ouvrir une enqu\u00eate pr\u00e9liminaire, pour, notamment, \u00abassociation de malfaiteurs en vue de la pr\u00e9paration d\u2019actes de terrorisme\u00bb, a indiqu\u00e9 jeudi le Pnat. Les investigations portent aussi sur \u00abl\u2019acquisition, d\u00e9tention et transport d\u2019armes, de munitions ou d\u2019\u00e9l\u00e9ments d\u2019armes de la cat\u00e9gorie A et B en relation avec une entreprise terroriste\u00bb, selon la m\u00eame source.<\/p>\n<p class=\"fig-paragraph\">Lors d&rsquo;une conf\u00e9rence de presse clandestine r\u00e9v\u00e9l\u00e9e mercredi soir par\u00a0<a href=\"https:\/\/www.corsematin.com\/article\/societe\/43503672951984\/exclusif-le-flnc-denonce-la-mascarade-du-projet-dautonomie-de-la-corse-lors-dune-conference-de-presse-clandestine\" target=\"_blank\" rel=\"nofollow noopener\" data-gtm-custom-categorie=\"navigation\" data-gtm-custom-action=\"crossclick\" data-gtm-custom-label=\"Contextuel\" data-gtm-event=\"customEventSPE\">Corse-Matin<\/a>\u00a0qui a \u00e9t\u00e9 le seul m\u00e9dia \u00e0 y participer, une quinzaine d&rsquo;individus cagoul\u00e9s et arm\u00e9s, dans un lieu tenu secret et \u00e0 une date non sp\u00e9cifi\u00e9e, ont qualifi\u00e9 le processus qui vise \u00e0 donner une autonomie \u00e0 la\u00a0<a href=\"http:\/\/www.lefigaro.fr\/flash-actu\/corse-trois-nouvelles-mises-en-examen-dans-l-enquete-sur-l-assassinat-d-une-etudiante-de-18-ans-20260703\" data-fig-type=\"NewsFlash\" data-gtm-custom-categorie=\"navigation\" data-gtm-custom-action=\"crossclick\" data-gtm-custom-label=\"Contextuel\" data-gtm-event=\"customEventSPE\" data-fig-domain=\"LEFIGARO\" rel=\"nofollow noopener\" target=\"_blank\">Corse\u00a0<\/a>dans la R\u00e9publique et qui a \u00e9t\u00e9 approuv\u00e9 le 23 juin par l&rsquo;Assembl\u00e9e nationale, de \u00abmascarade\u00bb. Comme lors de leur pr\u00e9c\u00e9dente conf\u00e9rence de presse clandestine en janvier 2024, ils estiment que le projet de loi constitutionnelle, qui doit \u00eatre examin\u00e9 au S\u00e9nat \u00e0 partir du 21 octobre, \u00ababoutit \u00e0 la n\u00e9gation de l&rsquo;existence de notre peuple et au reniement des principales revendications de ces derni\u00e8res d\u00e9cennies\u00bb. Ils annoncent \u00eatre \u00abd\u00e9j\u00e0 dans l&rsquo;apr\u00e8s-Beauvau\u00bb.<\/p>\n<p>                                            <a class=\"fig-a11y-skip\" href=\"#fig-a11y-skip-main-inarticle\" is=\"fig-a11y-skip\" data-trigger-mode=\"visible-once\"><br \/>\n    Passer la publicit\u00e9<br \/>\n<\/a>            <\/p>\n<p class=\"fig-paragraph\">Le groupuscule s&rsquo;en prend \u00e0 tous les soutiens de ce processus: aux partis nationalistes (Femu a Corsica, Core in Fronte, Parti de la nation corse) en assurant que ceux \u00abqui s&rsquo;expriment au nom du mouvement national, tout en soutenant le dit processus Beauvau, commettent une duperie sans pr\u00e9c\u00e9dent \u00e0 l&rsquo;\u00e9gard de notre peuple\u00bb. Mais aussi aux \u00abmanipulateurs haut plac\u00e9s\u00bb, \u00e0 la \u00abcaste de groupes financiers corses\u00bb et aux collectifs antimafia, sans les nommer mais en assurant ne jamais pouvoir \u00ab\u00eatre aux c\u00f4t\u00e9s de ceux qui soutiennent les logiques\u00bb de \u00abjustices d&rsquo;exception\u00bb, d\u00e9fendues par les collectifs. Sans pr\u00e9ciser comment, ils appellent le mouvement national, \u00abcelui de la r\u00e9sistance\u00bb, \u00e0 trouver \u00ables voies et les moyens de cr\u00e9er un nouveau rapport de force politique\u00bb.<\/p>\n<p>                                            \u00abEnvahisseurs\u00bb<\/p>\n<p class=\"fig-paragraph\">Plus mena\u00e7ant, ils attaquent \u00abla colonisation de peuplement galopante\u00bb repr\u00e9sent\u00e9e par \u00abl&rsquo;arriv\u00e9e massive de pr\u00e8s de 5000 \u00e9trangers, dont une grande majorit\u00e9 de Fran\u00e7ais\u00bb sur l&rsquo;\u00eele chaque ann\u00e9e, que ce soit pour y travailler ou du fait de l&rsquo;augmentation \u00abd\u00e9mentielle\u00bb des r\u00e9sidences secondaires. \u00abCollaborer \u00e0 la validation de textes constitutionnels r\u00e9affirmant (&#8230;) les principes qui favorisent et vont permettre d&rsquo;amplifier cette colonisation de peuplement est une grave faute politique\u00bb, insistent-ils.<\/p>\n<p class=\"fig-paragraph\">\u00abEn attendant que nos droits nationaux soient reconnus et respect\u00e9s, nous n&rsquo;avons qu&rsquo;un message \u00e0 leur adresser: restez chez vous\u00bb, \u00abet dans le cas contraire, ne vous consid\u00e9rez pas en s\u00e9curit\u00e9 sur notre territoire national\u00bb, menacent-ils en s&rsquo;adressant aux \u00abenvahisseurs\u00bb. Le FLNC, qui pr\u00f4ne \u00abl&rsquo;ind\u00e9pendance nationale\u00bb, assure n\u00e9anmoins qu&rsquo;il \u00abcontinuera \u00e0 jouer pleinement son r\u00f4le en soutenant par nos efforts de paix, pour l&rsquo;heure unilat\u00e9raux, toutes les initiatives qui concourront r\u00e9ellement \u00e0 une solution politique \u00e0 laquelle notre peuple aspire depuis des d\u00e9cennies.\u00bb\u00a0<\/p>\n<p class=\"fig-paragraph\">Le FLNC, apparu pour la premi\u00e8re fois en 1976, il y a 50 ans, avec une profession de foi retrouv\u00e9e dans les d\u00e9combres de 18 attentats lors d&rsquo;une premi\u00e8re \u00abnuit bleue\u00bb, est depuis devenu une n\u00e9buleuse opaque, r\u00e9sultat de scissions, luttes fratricides et recompositions. La derni\u00e8re \u00abnuit bleue\u00bb que le mouvement a revendiqu\u00e9e remonte \u00e0 octobre 2023 lorsque 45 explosions avaient vis\u00e9 principalement des r\u00e9sidences secondaires mais aussi un centre des imp\u00f4ts d\u00e9saffect\u00e9 \u00e0\u00a0<a href=\"https:\/\/video.lefigaro.fr\/figaro\/faits-divers\/drame-a-ajaccio-deux-mineures-mises-en-examen-suite-au-deces-d-un-homme-20260717\" data-fig-type=\"Video\" data-gtm-custom-categorie=\"navigation\" data-gtm-custom-action=\"crossclick\" data-gtm-custom-label=\"Contextuel\" data-gtm-event=\"customEventSPE\" data-fig-domain=\"LEFIGARO\" rel=\"nofollow noopener\" target=\"_blank\">Ajaccio<\/a>, sans faire de bless\u00e9s.<\/p>\n","protected":false},"excerpt":{"rendered":"Le FLNC-Union des Combattants rejette l\u2019autonomie de la Corse en discussion et menace les nouveaux arrivants sur l\u2019\u00eele,&hellip;\n","protected":false},"author":2,"featured_media":1111311,"comment_status":"","ping_status":"","sticky":false,"template":"","format":"standard","meta":{"footnotes":"","_share_on_mastodon":"0"},"categories":[2],"tags":[11,13643,2517,114224,1011,27,12,25],"class_list":["post-1111310","post","type-post","status-publish","format-standard","has-post-thumbnail","category-actualites","tag-actualites","tag-autonomie","tag-corse","tag-flnc","tag-fr","tag-france","tag-news","tag-republique-francaise"],"share_on_mastodon":{"url":"https:\/\/pubeurope.com\/@fr\/117047993495939539","error":""},"_links":{"self":[{"href":"https:\/\/www.europesays.com\/fr\/wp-json\/wp\/v2\/posts\/1111310","targetHints":{"allow":["GET"]}}],"collection":[{"href":"https:\/\/www.europesays.com\/fr\/wp-json\/wp\/v2\/posts"}],"about":[{"href":"https:\/\/www.europesays.com\/fr\/wp-json\/wp\/v2\/types\/post"}],"author":[{"embeddable":true,"href":"https:\/\/www.europesays.com\/fr\/wp-json\/wp\/v2\/users\/2"}],"replies":[{"embeddable":true,"href":"https:\/\/www.europesays.com\/fr\/wp-json\/wp\/v2\/comments?post=1111310"}],"version-history":[{"count":0,"href":"https:\/\/www.europesays.com\/fr\/wp-json\/wp\/v2\/posts\/1111310\/revisions"}],"wp:featuredmedia":[{"embeddable":true,"href":"https:\/\/www.europesays.com\/fr\/wp-json\/wp\/v2\/media\/1111311"}],"wp:attachment":[{"href":"https:\/\/www.europesays.com\/fr\/wp-json\/wp\/v2\/media?parent=1111310"}],"wp:term":[{"taxonomy":"category","embeddable":true,"href":"https:\/\/www.europesays.com\/fr\/wp-json\/wp\/v2\/categories?post=1111310"},{"taxonomy":"post_tag","embeddable":true,"href":"https:\/\/www.europesays.com\/fr\/wp-json\/wp\/v2\/tags?post=1111310"}],"curies":[{"name":"wp","href":"https:\/\/api.w.org\/{rel}","templated":true}]}}