{"id":1111486,"date":"2026-08-06T12:03:22","date_gmt":"2026-08-06T12:03:22","guid":{"rendered":"https:\/\/www.europesays.com\/fr\/1111486\/"},"modified":"2026-08-06T12:03:22","modified_gmt":"2026-08-06T12:03:22","slug":"des-tags-antisemites-decouverts-a-strasbourg","status":"publish","type":"post","link":"https:\/\/www.europesays.com\/fr\/1111486\/","title":{"rendered":"Des tags antis\u00e9mites d\u00e9couverts \u00e0 Strasbourg"},"content":{"rendered":"<p class=\"wp-block-post-excerpt__excerpt\">Des tags antis\u00e9mites ont \u00e9t\u00e9 retrouv\u00e9s au Neudorf \u00e0 Strasbourg. Fa\u00e7on ann\u00e9es 30, ils mentionnent le mot \u00ab\u00a0Juifs\u00a0\u00bb \u00e0 proximit\u00e9 d\u2019une \u00e9toile de David. <\/p>\n<p class=\"font-sans\">\n\t\t\tCet article est en acc\u00e8s libre. Pour soutenir Rue89 Strasbourg,<br \/>\n\t\t\t<a class=\"underline\" href=\"https:\/\/www.rue89strasbourg.com\/abonnement\" rel=\"nofollow noopener\" target=\"_blank\">abonnez-vous<\/a>.\n\t\t<\/p>\n<p>Pierre France<\/p>\n<p>Publi\u00e9 le 6 ao\u00fbt 2026\u00a0\u00a0\u00b7\u00a0\u00a0<\/p>\n<p>Imprim\u00e9 le 6 ao\u00fbt 2026 \u00e0 14h03\u00a0\u00a0\u00b7\u00a0\u00a0<\/p>\n<p>Modifi\u00e9 le 6 ao\u00fbt 2026\u00a0\u00a0\u00b7\u00a0\u00a0<\/p>\n<p>\t\t\t\t\t1\u00a0minute\n<\/p>\n<p class=\"wp-block-paragraph\">Des tags antis\u00e9mites ont \u00e9t\u00e9 retrouv\u00e9s au matin du mercredi 5 ao\u00fbt, dans la rue de S\u00e9lestat dans le quartier du Neudorf \u00e0 Strasbourg. Au gros feutre, le mot \u00ab\u00a0Juifs\u00a0\u00bb a \u00e9t\u00e9 accol\u00e9 \u00e0 une \u00e9toile de David sur des matelas abandonn\u00e9s sur le trottoir. Cette d\u00e9signation rappelle les inscriptions sur les commerces tenus par des juifs dans l\u2019Allemagne des ann\u00e9es 30.<\/p>\n<p><img loading=\"lazy\" decoding=\"async\" width=\"792\" height=\"594\" src=\"https:\/\/www.europesays.com\/fr\/wp-content\/uploads\/2026\/08\/img-1001-792x594.jpg\" alt=\"\" class=\"wp-image-394353\"  \/><\/p>\n<p class=\"wp-block-paragraph\">Un riverain qui a d\u00e9couvert le tag est imm\u00e9diatement all\u00e9 le signaler \u00e0 la police. Un autre tag similaire \u00e0 \u00e9t\u00e9 d\u00e9couvert quelques rues plus loin, sur le couvercle d\u2019une poubelle rue de Plobsheim <a target=\"_blank\" href=\"https:\/\/actu.fr\/grand-est\/strasbourg_67482\/c-est-effroyable-des-tags-antisemites-decouverts-dans-un-quartier-de-strasbourg-les-habitants-sont-choques_64632846.html\" rel=\"nofollow noopener\">selon Actu Strasbourg<\/a>.<\/p>\n<p class=\"wp-block-paragraph\">Contact\u00e9e, la police nationale de Strasbourg n\u2019a connaissance d\u2019aucun autre tag antis\u00e9mite r\u00e9cent. En 2023, des tags antis\u00e9mites avaient \u00e9t\u00e9 <a href=\"https:\/\/www.rue89strasbourg.com\/tags-antisemites-ecole-vauban-strasbourg-284037\" target=\"_blank\" rel=\"noreferrer noopener nofollow\">retrouv\u00e9s sur une \u00e9cole de la Krutenau<\/a>. \u00c0 la fin de la m\u00eame ann\u00e9e, d\u2019autres tags antis\u00e9mites avaient \u00e9t\u00e9 <a href=\"https:\/\/www.rue89strasbourg.com\/quatre-inscriptions-antisemites-reseau-cts-283207\" target=\"_blank\" rel=\"noreferrer noopener nofollow\">d\u00e9couverts sur des panneaux de la CTS<\/a>. L\u2019auteur avait \u00e9t\u00e9 <a href=\"https:\/\/www.rue89strasbourg.com\/tags-antisemites-a-strasbourg-un-sexagenaire-condamne-a-18-mois-ferme-285568\" target=\"_blank\" rel=\"noreferrer noopener nofollow\">retrouv\u00e9 et condamn\u00e9 \u00e0 18 mois de prison ferme<\/a>.<\/p>\n","protected":false},"excerpt":{"rendered":"Des tags antis\u00e9mites ont \u00e9t\u00e9 retrouv\u00e9s au Neudorf \u00e0 Strasbourg. Fa\u00e7on ann\u00e9es 30, ils mentionnent le mot \u00ab\u00a0Juifs\u00a0\u00bb&hellip;\n","protected":false},"author":2,"featured_media":1111487,"comment_status":"","ping_status":"","sticky":false,"template":"","format":"standard","meta":{"footnotes":"","_share_on_mastodon":"0"},"categories":[2820],"tags":[1111,11,6155,1777,674,6017,1011,27,775,12,25,640],"class_list":["post-1111486","post","type-post","status-publish","format-standard","has-post-thumbnail","category-strasbourg","tag-actu","tag-actualites","tag-antisemitisme","tag-eu","tag-europe","tag-fait-divers","tag-fr","tag-france","tag-grand-est","tag-news","tag-republique-francaise","tag-strasbourg"],"share_on_mastodon":{"url":"https:\/\/pubeurope.com\/@fr\/117048471257536061","error":""},"_links":{"self":[{"href":"https:\/\/www.europesays.com\/fr\/wp-json\/wp\/v2\/posts\/1111486","targetHints":{"allow":["GET"]}}],"collection":[{"href":"https:\/\/www.europesays.com\/fr\/wp-json\/wp\/v2\/posts"}],"about":[{"href":"https:\/\/www.europesays.com\/fr\/wp-json\/wp\/v2\/types\/post"}],"author":[{"embeddable":true,"href":"https:\/\/www.europesays.com\/fr\/wp-json\/wp\/v2\/users\/2"}],"replies":[{"embeddable":true,"href":"https:\/\/www.europesays.com\/fr\/wp-json\/wp\/v2\/comments?post=1111486"}],"version-history":[{"count":0,"href":"https:\/\/www.europesays.com\/fr\/wp-json\/wp\/v2\/posts\/1111486\/revisions"}],"wp:featuredmedia":[{"embeddable":true,"href":"https:\/\/www.europesays.com\/fr\/wp-json\/wp\/v2\/media\/1111487"}],"wp:attachment":[{"href":"https:\/\/www.europesays.com\/fr\/wp-json\/wp\/v2\/media?parent=1111486"}],"wp:term":[{"taxonomy":"category","embeddable":true,"href":"https:\/\/www.europesays.com\/fr\/wp-json\/wp\/v2\/categories?post=1111486"},{"taxonomy":"post_tag","embeddable":true,"href":"https:\/\/www.europesays.com\/fr\/wp-json\/wp\/v2\/tags?post=1111486"}],"curies":[{"name":"wp","href":"https:\/\/api.w.org\/{rel}","templated":true}]}}