{"id":111161,"date":"2025-05-19T07:14:14","date_gmt":"2025-05-19T07:14:14","guid":{"rendered":"https:\/\/www.europesays.com\/fr\/111161\/"},"modified":"2025-05-19T07:14:14","modified_gmt":"2025-05-19T07:14:14","slug":"guerre-a-gaza-benyamin-netanyahou-prepare-lannexion","status":"publish","type":"post","link":"https:\/\/www.europesays.com\/fr\/111161\/","title":{"rendered":"Guerre \u00e0 Gaza\u00a0: Benyamin Netanyahou pr\u00e9pare l\u2019annexion"},"content":{"rendered":"<p>Comme une r\u00e9p\u00e9tition macabre. Le gouvernement isra\u00e9lien annonce une nouvelle offensive <a href=\"https:\/\/www.humanite.fr\/monde\/bande-de-gaza\/plus-de-160-morts-sous-les-bombes-en-moins-de-48-heures-famine-qui-gagne-du-terrain-allez-vous-agir-pour-empecher-un-genocide-a-gaza\" target=\"_blank\" rel=\"noopener\">puis son intensification<\/a>. Apr\u00e8s trente-six mois de conflit, l\u2019objectif affich\u00e9 demeure de \u00ab\u00a0vaincre\u00a0\u00bb le Hamas mais appara\u00eet de plus en plus comme le pr\u00e9texte \u00e0 une guerre aussi totale que sans fin.<\/p>\n<p>Puis la litanie des morts\u00a0: la d\u00e9fense civile locale a annonc\u00e9 dimanche 18\u00a0mai la mort d\u2019au moins 50 Palestiniens, la plupart des enfants, dans des frappes isra\u00e9liennes dans la bande de Gaza. Parmis eux, plus de 20 personnes ont \u00e9t\u00e9 tu\u00e9es et une centaine d\u2019autres bless\u00e9es \u00ab\u00a0dans des frappes isra\u00e9liennes sur des tentes de d\u00e9plac\u00e9s dans la zone d\u2019Al-Mawassi (\u00e0 Khan Youn\u00e8s, dans le sud du territoire palestinien \u2013 NDLR)\u00a0\u00bb, a annonc\u00e9 le porte-parole de cette organisation de premiers secours, Mahmoud Bassal.<\/p>\n<p>D\u2019autres bombardements ont \u00e9t\u00e9 men\u00e9s dans le nord du territoire palestinien, o\u00f9 au moins sept personnes sont mortes dans un raid ayant vis\u00e9 une maison \u00e0 Jabaliya. Les victimes dominicales viennent alourdir un bilan de 53\u00a0272 Gazaouis tu\u00e9s, en majorit\u00e9 des civils, selon les derni\u00e8res donn\u00e9es du minist\u00e8re de la Sant\u00e9 du Hamas, que l\u2019ONU juge fiables.<\/p>\n<p>Vers une annexion de Gaza\u00a0?<\/p>\n<p>Quand les bombes ne tuent pas, <a href=\"https:\/\/www.humanite.fr\/monde\/aide-humanitaire\/raphael-pitti-medecin-humanitaire-face-au-genocide-a-gaza-la-seule-reponse-possible-est-la-desobeissance-civile\" target=\"_blank\" rel=\"noopener\">c\u2019est la faim organis\u00e9e qui fait son \u0153uvre<\/a>. Depuis le 2\u00a0mai, le gouvernement Netanyahou bloque l\u2019entr\u00e9e de toute aide humanitaire dans la bande de Gaza et provoque ainsi <a href=\"https:\/\/www.humanite.fr\/monde\/armee-israelienne\/depuis-72-jours-pas-un-seul-morceau-de-pain-nest-entre-a-gaza-une-famine-deliberee-et-entierement-fabriquee-par-israel\" target=\"_blank\" rel=\"noopener\">une situation de famine pour une part importante de la population<\/a>. Le premier ministre isra\u00e9lien, face au toll\u00e9 international, a indiqu\u00e9 qu\u2019Isra\u00ebl allait autoriser l\u2019entr\u00e9e d\u2019une \u00ab\u00a0quantit\u00e9 de base de nourriture destin\u00e9e \u00e0 la population, afin d\u2019\u00e9viter le d\u00e9veloppement de la famine dans la bande de Gaza\u00a0\u00bb. Une aide dont l\u2019arm\u00e9e entend bien garder le contr\u00f4le, selon des dispositions envisag\u00e9es depuis des jours.<\/p>\n<p>Cette nouvelle \u00e9tape soul\u00e8ve plusieurs questions. La  premi\u00e8re <\/p>\n","protected":false},"excerpt":{"rendered":"Comme une r\u00e9p\u00e9tition macabre. Le gouvernement isra\u00e9lien annonce une nouvelle offensive puis son intensification. Apr\u00e8s trente-six mois de&hellip;\n","protected":false},"author":2,"featured_media":111162,"comment_status":"","ping_status":"","sticky":false,"template":"","format":"standard","meta":{"footnotes":""},"categories":[5],"tags":[11,952,1011,27,665,14,12,28],"class_list":{"0":"post-111161","1":"post","2":"type-post","3":"status-publish","4":"format-standard","5":"has-post-thumbnail","7":"category-international","8":"tag-actualites","9":"tag-benyamin-netanyahou","10":"tag-fr","11":"tag-france","12":"tag-gaza","13":"tag-international","14":"tag-news","15":"tag-world"},"share_on_mastodon":{"url":"https:\/\/pubeurope.com\/@fr\/114533267083890616","error":""},"_links":{"self":[{"href":"https:\/\/www.europesays.com\/fr\/wp-json\/wp\/v2\/posts\/111161","targetHints":{"allow":["GET"]}}],"collection":[{"href":"https:\/\/www.europesays.com\/fr\/wp-json\/wp\/v2\/posts"}],"about":[{"href":"https:\/\/www.europesays.com\/fr\/wp-json\/wp\/v2\/types\/post"}],"author":[{"embeddable":true,"href":"https:\/\/www.europesays.com\/fr\/wp-json\/wp\/v2\/users\/2"}],"replies":[{"embeddable":true,"href":"https:\/\/www.europesays.com\/fr\/wp-json\/wp\/v2\/comments?post=111161"}],"version-history":[{"count":0,"href":"https:\/\/www.europesays.com\/fr\/wp-json\/wp\/v2\/posts\/111161\/revisions"}],"wp:featuredmedia":[{"embeddable":true,"href":"https:\/\/www.europesays.com\/fr\/wp-json\/wp\/v2\/media\/111162"}],"wp:attachment":[{"href":"https:\/\/www.europesays.com\/fr\/wp-json\/wp\/v2\/media?parent=111161"}],"wp:term":[{"taxonomy":"category","embeddable":true,"href":"https:\/\/www.europesays.com\/fr\/wp-json\/wp\/v2\/categories?post=111161"},{"taxonomy":"post_tag","embeddable":true,"href":"https:\/\/www.europesays.com\/fr\/wp-json\/wp\/v2\/tags?post=111161"}],"curies":[{"name":"wp","href":"https:\/\/api.w.org\/{rel}","templated":true}]}}