{"id":111190,"date":"2025-05-19T07:31:15","date_gmt":"2025-05-19T07:31:15","guid":{"rendered":"https:\/\/www.europesays.com\/fr\/111190\/"},"modified":"2025-05-19T07:31:15","modified_gmt":"2025-05-19T07:31:15","slug":"le-rendez-vous-des-jeunes-talents-de-la-danse-revient-pour-deux-soirees-a-la-pokop","status":"publish","type":"post","link":"https:\/\/www.europesays.com\/fr\/111190\/","title":{"rendered":"le rendez-vous des jeunes talents de la danse revient pour deux soir\u00e9es \u00e0 la Pokop"},"content":{"rendered":"<p>Freestyle hip-hop, popping, locking, house dance, waacking, contemporain\u2026 Ce mercredi 21\u00a0mai, une vingtaine de candidats improviseront \u00e0 tour de r\u00f4le jusqu\u2019\u00e0 la finale lors de la Rencontre de toutes les danses \u00e0 la Pokop \u00e0 Strasbourg, enchainant d\u00e9fis et contraintes. Aux commandes de la bande-son de cette premi\u00e8re soir\u00e9e de la 4e\u00a0 \u00e9dition d\u2019\u00c9vidanse, le groupe live Newteam et DJ Marvin Campbell.<\/p>\n<p>C\u2019est une invitation ouverte \u00e0 tous les danseurs \u00e9tudiants ou non, quel que soit leur style ou leur niveau, \u00e0 partager ensemble un moment de danse fun et chaleureux. \u00c0 mi-chemin entre d\u00e9monstration et battle, la soir\u00e9e met en lumi\u00e8re \u00ab\u00a0la performance improvis\u00e9e\u00a0\u00bb. Elle permet au spectateur de plonger dans une ambiance d\u00e9bordante d\u2019\u00e9nergie et de bonne humeur.<\/p>\n<p>  Jeudi, place \u00e0 la finale nationale du concours Envol<\/p>\n<p>La deuxi\u00e8me soir\u00e9e, jeudi 22\u00a0mai, sera d\u00e9di\u00e9e \u00e0 la finale nationale du concours Envol. C\u2019est avant tout un spectacle po\u00e9tique et surprenant qui met \u00e0 l\u2019honneur la cr\u00e9ation chor\u00e9graphique \u00e9tudiante, quel que soit le style de danse. La s\u00e9lection est exigeante\u00a0: sur 132 candidatures initiales, 38 ont \u00e9t\u00e9 pr\u00e9sent\u00e9es au jury national et seulement six acc\u00e8dent au graal\u00a0: pr\u00e9senter une chor\u00e9graphie sur sc\u00e8ne devant un public et un jury de professionnel.<\/p>\n<p>Envol, la finale, c\u2019est un v\u00e9ritable coup de pouce \u00e0 la professionnalisation et une occasion unique pour ces jeunes danseurs de se nourrir des conseils du jury, d\u2019\u00e9changer avec leurs pairs et de faire \u00e9voluer leurs projets chor\u00e9graphiques.<\/p>\n<p>Trois laur\u00e9ats seront prim\u00e9s\u00a0:<\/p>\n<p>&#8211; 1er prix\u00a0: 2\u00a0000\u00a0\u20ac | 2e prix\u00a0: 1\u00a0000\u00a0\u20ac | 3e\u00a0 prix\u00a0: 500\u00a0\u20ac | Prix du public\u00a0: 250\u00a0\u20ac offerts par le Cnous<\/p>\n<p>Le jury est compos\u00e9 de professionnels venus de toute la France\u00a0: Yoko Nguyen, coordinatrice artistique et pr\u00e9sidente du jury, Muriel Letzelter, charg\u00e9e de production, Daisy Miotello, chor\u00e9graphe et metteur en sc\u00e8ne, Ga\u00ebl Doukkali, directeur de la culture, Ali Salmi, chor\u00e9graphe, Aurore Gruel, danseuse et chor\u00e9graphe et Nina Henry, professeur de danse, chor\u00e9graphe et directrice artistique, premi\u00e8re laur\u00e9ate nationale du concours en 2024.<\/p>\n<p>Soir\u00e9es offertes par le Crous de Strasbourg. R\u00e9server ses places pour l\u2019\u00e9v\u00e9nement\u00a0: lapokop.fr<\/p>\n","protected":false},"excerpt":{"rendered":"Freestyle hip-hop, popping, locking, house dance, waacking, contemporain\u2026 Ce mercredi 21\u00a0mai, une vingtaine de candidats improviseront \u00e0 tour&hellip;\n","protected":false},"author":2,"featured_media":111191,"comment_status":"","ping_status":"","sticky":false,"template":"","format":"standard","meta":{"footnotes":""},"categories":[2820],"tags":[1111,11,1687,2880,1777,674,107,1011,27,775,12,25,3140,640,2879],"class_list":{"0":"post-111190","1":"post","2":"type-post","3":"status-publish","4":"format-standard","5":"has-post-thumbnail","7":"category-strasbourg","8":"tag-actu","9":"tag-actualites","10":"tag-culture-loisirs","11":"tag-edition-strasbourg","12":"tag-eu","13":"tag-europe","14":"tag-fil-info","15":"tag-fr","16":"tag-france","17":"tag-grand-est","18":"tag-news","19":"tag-republique-francaise","20":"tag-spectacle","21":"tag-strasbourg","22":"tag-strasbourg-ville"},"share_on_mastodon":{"url":"https:\/\/pubeurope.com\/@fr\/114533333990002265","error":""},"_links":{"self":[{"href":"https:\/\/www.europesays.com\/fr\/wp-json\/wp\/v2\/posts\/111190","targetHints":{"allow":["GET"]}}],"collection":[{"href":"https:\/\/www.europesays.com\/fr\/wp-json\/wp\/v2\/posts"}],"about":[{"href":"https:\/\/www.europesays.com\/fr\/wp-json\/wp\/v2\/types\/post"}],"author":[{"embeddable":true,"href":"https:\/\/www.europesays.com\/fr\/wp-json\/wp\/v2\/users\/2"}],"replies":[{"embeddable":true,"href":"https:\/\/www.europesays.com\/fr\/wp-json\/wp\/v2\/comments?post=111190"}],"version-history":[{"count":0,"href":"https:\/\/www.europesays.com\/fr\/wp-json\/wp\/v2\/posts\/111190\/revisions"}],"wp:featuredmedia":[{"embeddable":true,"href":"https:\/\/www.europesays.com\/fr\/wp-json\/wp\/v2\/media\/111191"}],"wp:attachment":[{"href":"https:\/\/www.europesays.com\/fr\/wp-json\/wp\/v2\/media?parent=111190"}],"wp:term":[{"taxonomy":"category","embeddable":true,"href":"https:\/\/www.europesays.com\/fr\/wp-json\/wp\/v2\/categories?post=111190"},{"taxonomy":"post_tag","embeddable":true,"href":"https:\/\/www.europesays.com\/fr\/wp-json\/wp\/v2\/tags?post=111190"}],"curies":[{"name":"wp","href":"https:\/\/api.w.org\/{rel}","templated":true}]}}