{"id":1111985,"date":"2026-08-06T17:36:24","date_gmt":"2026-08-06T17:36:24","guid":{"rendered":"https:\/\/www.europesays.com\/fr\/1111985\/"},"modified":"2026-08-06T17:36:24","modified_gmt":"2026-08-06T17:36:24","slug":"le-chef-de-lonu-condamne-la-russie-et-lukraine-pour-leurs-frappes-dans-des-zones-civiles","status":"publish","type":"post","link":"https:\/\/www.europesays.com\/fr\/1111985\/","title":{"rendered":"Le chef de l\u2019ONU condamne la Russie et l\u2019Ukraine pour leurs frappes dans des zones civiles"},"content":{"rendered":"<p>Le secr\u00e9taire g\u00e9n\u00e9ral de l\u2019ONU, Antonio Guterres, a appel\u00e9 ce jeudi la Russie et l\u2019Ukraine \u00e0 cesser leurs attaques sur des zones civiles, o\u00f9 des dizaines de personnes sont mortes, tandis que les deux pays intensifient leurs frappes.<\/p>\n<p>\u00ab Ces derni\u00e8res s\u00e9ries d\u2019attaques suivent un sch\u00e9ma alarmant d\u2019escalade des frappes contre des zones peupl\u00e9es. (\u2026) Les attaques contre les civils et les infrastructures civiles sont une violation claire du droit humanitaire, et doivent cesser imm\u00e9diatement \u00bb, a d\u00e9clar\u00e9 son porte-parole Farhan Haq.<\/p>\n<p>Cette semaine, une attaque russe a tu\u00e9 au moins 17 personnes et bless\u00e9 des dizaines d&rsquo;autres dans la r\u00e9gion de Kiev. Dans le m\u00eame temps, plusieurs personnes sont mortes lors de frappes ukrainiennes en Russie.<\/p>\n<p>\u00ab\u00a0Le secr\u00e9taire g\u00e9n\u00e9ral condamne fermement la derni\u00e8re attaque de grande ampleur de missiles et de drones par les forces arm\u00e9es de la F\u00e9d\u00e9ration de Russie sur Kiev et d&rsquo;autres villes en Ukraine\u00a0\u00bb, a affirm\u00e9 Haq. <\/p>\n<p>Antonio Guterres \u00ab\u00a0condamne aussi les r\u00e9centes attaques ukrainiennes de drones dans plusieurs r\u00e9gions de la F\u00e9d\u00e9ration de Russie\u00a0\u00bb, selon les propos rapport\u00e9s par son porte-parole.Le nombre de morts civiles a augment\u00e9 dans ce conflit en 2026 d&rsquo;apr\u00e8s l&rsquo;ONU, tandis que la guerre, qui dure depuis quatre ans et demi, se poursuit sans le moindre signe d&rsquo;un accord de paix.<\/p>\n","protected":false},"excerpt":{"rendered":"Le secr\u00e9taire g\u00e9n\u00e9ral de l\u2019ONU, Antonio Guterres, a appel\u00e9 ce jeudi la Russie et l\u2019Ukraine \u00e0 cesser leurs&hellip;\n","protected":false},"author":2,"featured_media":1111986,"comment_status":"","ping_status":"","sticky":false,"template":"","format":"standard","meta":{"footnotes":"","_share_on_mastodon":"0"},"categories":[1590],"tags":[11,765,1777,674,1146,131,2069,74,12,3521,132,220],"class_list":["post-1111985","post","type-post","status-publish","format-standard","has-post-thumbnail","category-ukraine","tag-actualites","tag-en-continu","tag-eu","tag-europe","tag-guerre","tag-guerre-en-ukraine","tag-guerre-ukraine-russie","tag-monde","tag-news","tag-onu","tag-russie","tag-ukraine"],"share_on_mastodon":{"url":"https:\/\/pubeurope.com\/@fr\/117049779210424916","error":""},"_links":{"self":[{"href":"https:\/\/www.europesays.com\/fr\/wp-json\/wp\/v2\/posts\/1111985","targetHints":{"allow":["GET"]}}],"collection":[{"href":"https:\/\/www.europesays.com\/fr\/wp-json\/wp\/v2\/posts"}],"about":[{"href":"https:\/\/www.europesays.com\/fr\/wp-json\/wp\/v2\/types\/post"}],"author":[{"embeddable":true,"href":"https:\/\/www.europesays.com\/fr\/wp-json\/wp\/v2\/users\/2"}],"replies":[{"embeddable":true,"href":"https:\/\/www.europesays.com\/fr\/wp-json\/wp\/v2\/comments?post=1111985"}],"version-history":[{"count":0,"href":"https:\/\/www.europesays.com\/fr\/wp-json\/wp\/v2\/posts\/1111985\/revisions"}],"wp:featuredmedia":[{"embeddable":true,"href":"https:\/\/www.europesays.com\/fr\/wp-json\/wp\/v2\/media\/1111986"}],"wp:attachment":[{"href":"https:\/\/www.europesays.com\/fr\/wp-json\/wp\/v2\/media?parent=1111985"}],"wp:term":[{"taxonomy":"category","embeddable":true,"href":"https:\/\/www.europesays.com\/fr\/wp-json\/wp\/v2\/categories?post=1111985"},{"taxonomy":"post_tag","embeddable":true,"href":"https:\/\/www.europesays.com\/fr\/wp-json\/wp\/v2\/tags?post=1111985"}],"curies":[{"name":"wp","href":"https:\/\/api.w.org\/{rel}","templated":true}]}}